{"id":66357,"date":"2018-09-27T22:25:15","date_gmt":"2018-09-28T01:25:15","guid":{"rendered":"http:\/\/www.caririemacao.com\/1\/?p=66357"},"modified":"2018-09-27T22:25:15","modified_gmt":"2018-09-28T01:25:15","slug":"governo-federal-autoriza-51-mil-novas-casas-para-50-cidades-da-pb-incluindo-3-do-cariri","status":"publish","type":"post","link":"https:\/\/www.caririemacao.com\/1\/2018\/09\/27\/governo-federal-autoriza-51-mil-novas-casas-para-50-cidades-da-pb-incluindo-3-do-cariri\/","title":{"rendered":"Governo Federal autoriza 5,1 mil novas casas para 50 cidades da PB incluindo 3 do Cariri"},"content":{"rendered":"<p><img fetchpriority=\"high\" decoding=\"async\" class=\"wp-image-57232 alignleft\" src=\"http:\/\/deolhonocariri.com.br\/wp-content\/uploads\/2018\/09\/minha_casa_minha_vida.jpg\" sizes=\"(max-width: 609px) 100vw, 609px\" srcset=\"http:\/\/deolhonocariri.com.br\/wp-content\/uploads\/2018\/09\/minha_casa_minha_vida.jpg 730w, http:\/\/deolhonocariri.com.br\/wp-content\/uploads\/2018\/09\/minha_casa_minha_vida-400x238.jpg 400w, http:\/\/deolhonocariri.com.br\/wp-content\/uploads\/2018\/09\/minha_casa_minha_vida-600x358.jpg 600w\" alt=\"\" width=\"372\" height=\"222\" \/><\/p>\n<p>O Minist\u00e9rio das Cidades abriu sele\u00e7\u00e3o para contra\u00e7\u00e3o de mais de 5,1 mil unidades habitacionais na Para\u00edba, atrav\u00e9s do Programa Minha Casa, Minha Vida. De acordo com a portaria, publicada na edi\u00e7\u00e3o dessa quarta-feira (26), mais de 50 cidades paraibanas ser\u00e3o beneficiadas com as moradias nas modalidades Fundo de Arrendamento Residencial, Entidades Urbanas e Rurais, voltadas \u00e0 Faixa 1.<\/p>\n<p>Da regi\u00e3o do Cariri, tr\u00eas cidades foram contempladas com o projeto.\u00a0Amparo, Cabaceiras e Prata ser\u00e3o contempladas com 50 unidades cada.<\/p>\n<p>Para o ministro Alexandre Baldy, as novas moradias representam mais investimentos e gera\u00e7\u00e3o de empregos no pa\u00eds. \u201cEssas a\u00e7\u00f5es corroboram nossa meta de priorizar os investimentos em habita\u00e7\u00f5es para atender mais fam\u00edlias carentes, gerando qualidade de vida, emprego e renda para a popula\u00e7\u00e3o\u201d, declarou.<\/p>\n<p>Em todo Brasil, foram selecionadas 61.649 mil novas unidades habitacionais, sendo 34.108 mil para atender fam\u00edlias com renda mensal de at\u00e9 R$ 1,8 mil integrantes de grupos associativos e residentes em \u00e1reas urbanas, e 27.541 mil destinadas \u00e0s fam\u00edlias com renda anual bruta de at\u00e9 R$ 17 mil, residentes em \u00e1reas rurais.<\/p>\n<p>Minist\u00e9rio das Cidades<\/p>\n<p>Cariri Em A\u00e7\u00e3o<\/p>\n<p>Leia mais not\u00edcias em\u00a0<a href=\"http:\/\/www.caririemacao.com\/\">caririemacao.com<\/a>, siga nossa p\u00e1gina no\u00a0<a href=\"https:\/\/www.facebook.com\/CaririEmAcao\/?ref=aymt_homepage_panel\">Facebook<\/a>,\u00a0<a href=\"https:\/\/www.instagram.com\/cariri_em_acao\/?hl=pt-br\">Instagram<\/a>\u00a0e\u00a0<a href=\"https:\/\/www.youtube.com\/channel\/UCAptA0jQuYQy8vMhLt2m4qg\">Youtube<\/a>\u00a0e veja nossas mat\u00e9rias, v\u00eddeos e fotos. Voc\u00ea tamb\u00e9m pode enviar informa\u00e7\u00f5es \u00e0 Reda\u00e7\u00e3o do Portal Cariri em A\u00e7\u00e3o pelo WhatsApp (83) 9 9634.5791, (83) 9 9601-1162.<\/p>\n","protected":false},"excerpt":{"rendered":"<p>O Minist\u00e9rio das Cidades abriu sele\u00e7\u00e3o para contra\u00e7\u00e3o de mais de 5,1 mil unidades habitacionais na Para\u00edba, atrav\u00e9s do Programa Minha Casa, Minha Vida. De&hellip; <\/p>\n","protected":false},"author":1,"featured_media":66358,"comment_status":"closed","ping_status":"closed","sticky":false,"template":"","format":"standard","meta":{"sfsi_plus_gutenberg_text_before_share":"","sfsi_plus_gutenberg_show_text_before_share":"","sfsi_plus_gutenberg_icon_type":"","sfsi_plus_gutenberg_icon_alignemt":"","sfsi_plus_gutenburg_max_per_row":"","footnotes":""},"categories":[2],"tags":[],"class_list":["post-66357","post","type-post","status-publish","format-standard","has-post-thumbnail","hentry","category-geral"],"_links":{"self":[{"href":"https:\/\/www.caririemacao.com\/1\/wp-json\/wp\/v2\/posts\/66357","targetHints":{"allow":["GET"]}}],"collection":[{"href":"https:\/\/www.caririemacao.com\/1\/wp-json\/wp\/v2\/posts"}],"about":[{"href":"https:\/\/www.caririemacao.com\/1\/wp-json\/wp\/v2\/types\/post"}],"author":[{"embeddable":true,"href":"https:\/\/www.caririemacao.com\/1\/wp-json\/wp\/v2\/users\/1"}],"replies":[{"embeddable":true,"href":"https:\/\/www.caririemacao.com\/1\/wp-json\/wp\/v2\/comments?post=66357"}],"version-history":[{"count":1,"href":"https:\/\/www.caririemacao.com\/1\/wp-json\/wp\/v2\/posts\/66357\/revisions"}],"predecessor-version":[{"id":66359,"href":"https:\/\/www.caririemacao.com\/1\/wp-json\/wp\/v2\/posts\/66357\/revisions\/66359"}],"wp:featuredmedia":[{"embeddable":true,"href":"https:\/\/www.caririemacao.com\/1\/wp-json\/wp\/v2\/media\/66358"}],"wp:attachment":[{"href":"https:\/\/www.caririemacao.com\/1\/wp-json\/wp\/v2\/media?parent=66357"}],"wp:term":[{"taxonomy":"category","embeddable":true,"href":"https:\/\/www.caririemacao.com\/1\/wp-json\/wp\/v2\/categories?post=66357"},{"taxonomy":"post_tag","embeddable":true,"href":"https:\/\/www.caririemacao.com\/1\/wp-json\/wp\/v2\/tags?post=66357"}],"curies":[{"name":"wp","href":"https:\/\/api.w.org\/{rel}","templated":true}]}}