{"id":66360,"date":"2018-09-27T22:28:07","date_gmt":"2018-09-28T01:28:07","guid":{"rendered":"http:\/\/www.caririemacao.com\/1\/?p=66360"},"modified":"2018-09-27T22:28:07","modified_gmt":"2018-09-28T01:28:07","slug":"suspeito-de-estuprar-e-matar-idosa-no-rj-e-preso-na-paraiba","status":"publish","type":"post","link":"https:\/\/www.caririemacao.com\/1\/2018\/09\/27\/suspeito-de-estuprar-e-matar-idosa-no-rj-e-preso-na-paraiba\/","title":{"rendered":"Suspeito de estuprar e matar idosa no RJ \u00e9 preso na Para\u00edba"},"content":{"rendered":"<div class=\"row content-head non-featured\">\n<div class=\"medium-centered subtitle\">\n<p><img fetchpriority=\"high\" decoding=\"async\" class=\"size-medium wp-image-5131 alignright\" src=\"http:\/\/www.vitrinedocariri.com.br\/wp-content\/uploads\/2018\/02\/policia_viatura-300x200.jpg\" alt=\"\" width=\"300\" height=\"200\" \/>Um homem de 32 anos foi preso nesta quinta-feira (27), na cidade de Lagoa Seca, no Agreste paraibano, suspeito de estuprar, matar e depois queimar o corpo de uma idosa no Rio de Janeiro. A pris\u00e3o foi confirmada pela Pol\u00edcia Militar, que informou que o suspeito foi encontrado depois de uma den\u00fancia an\u00f4nima.<\/p>\n<\/div>\n<\/div>\n<div class=\"mc-article-body\">\n<article>\n<div class=\"wall\">\n<div class=\"mc-column content-text active-extra-styles \" data-block-type=\"unstyled\" data-block-weight=\"33\" data-block-id=\"2\">\n<p class=\"content-text__container \" data-track-category=\"Link no Texto\" data-track-links=\"\">O suspeito foi encontrado pela manh\u00e3 na casa de familiares na zona rural de Lagoa Seca. O crime teve grande repercuss\u00e3o e ocorreu na regi\u00e3o de Duque de Caixas, no Rio de Janeiro<\/p>\n<\/div>\n<div class=\"mc-column content-text active-extra-styles \" data-block-type=\"unstyled\" data-block-weight=\"43\" data-block-id=\"3\">\n<p class=\"content-text__container \" data-track-category=\"Link no Texto\" data-track-links=\"\">De acordo com a Pol\u00edcia Militar, o crime foi registrado esse ano. O suspeito \u00e9 natural da Para\u00edba, mas morava no Rio de Janeiro. Ainda de acordo com a Pol\u00edcia Militar, ele estava sendo procurado em Lagoa Seca havia cerca de um m\u00eas.<\/p>\n<\/div>\n<\/div>\n<div data-track-category=\"fim do conteudo\" data-track-action=\"ultimo chunk conteudo\" data-track-noninteraction=\"false\" data-track-scroll=\"entrada completa viewport\">\n<div class=\"mc-column content-text active-extra-styles \" data-block-type=\"unstyled\" data-block-weight=\"36\" data-block-id=\"4\">\n<p class=\"content-text__container \" data-track-category=\"Link no Texto\" data-track-links=\"\">O homem est\u00e1 preso na Para\u00edba. Ele foi levado para a Delegacia de Lagoa Seca, mas a Pol\u00edcia Militar n\u00e3o soube confirmar se ele ser\u00e1 transferido para alguma unidade prisional do estado do Rio de Janeiro.<\/p>\n<p>Cariri Em A\u00e7\u00e3o<\/p>\n<p>Leia mais not\u00edcias em\u00a0<a href=\"http:\/\/www.caririemacao.com\/\">caririemacao.com<\/a>, siga nossa p\u00e1gina no\u00a0<a href=\"https:\/\/www.facebook.com\/CaririEmAcao\/?ref=aymt_homepage_panel\">Facebook<\/a>,\u00a0<a href=\"https:\/\/www.instagram.com\/cariri_em_acao\/?hl=pt-br\">Instagram<\/a>\u00a0e\u00a0<a href=\"https:\/\/www.youtube.com\/channel\/UCAptA0jQuYQy8vMhLt2m4qg\">Youtube<\/a>\u00a0e veja nossas mat\u00e9rias, v\u00eddeos e fotos. Voc\u00ea tamb\u00e9m pode enviar informa\u00e7\u00f5es \u00e0 Reda\u00e7\u00e3o do Portal Cariri em A\u00e7\u00e3o pelo WhatsApp (83) 9 9634.5791, (83) 9 9601-1162.<\/p>\n<\/div>\n<\/div>\n<\/article>\n<\/div>\n","protected":false},"excerpt":{"rendered":"<p>Um homem de 32 anos foi preso nesta quinta-feira (27), na cidade de Lagoa Seca, no Agreste paraibano, suspeito de estuprar, matar e depois queimar&hellip; <\/p>\n","protected":false},"author":1,"featured_media":42005,"comment_status":"closed","ping_status":"closed","sticky":false,"template":"","format":"standard","meta":{"sfsi_plus_gutenberg_text_before_share":"","sfsi_plus_gutenberg_show_text_before_share":"","sfsi_plus_gutenberg_icon_type":"","sfsi_plus_gutenberg_icon_alignemt":"","sfsi_plus_gutenburg_max_per_row":"","footnotes":""},"categories":[12],"tags":[],"class_list":["post-66360","post","type-post","status-publish","format-standard","has-post-thumbnail","hentry","category-policia"],"_links":{"self":[{"href":"https:\/\/www.caririemacao.com\/1\/wp-json\/wp\/v2\/posts\/66360","targetHints":{"allow":["GET"]}}],"collection":[{"href":"https:\/\/www.caririemacao.com\/1\/wp-json\/wp\/v2\/posts"}],"about":[{"href":"https:\/\/www.caririemacao.com\/1\/wp-json\/wp\/v2\/types\/post"}],"author":[{"embeddable":true,"href":"https:\/\/www.caririemacao.com\/1\/wp-json\/wp\/v2\/users\/1"}],"replies":[{"embeddable":true,"href":"https:\/\/www.caririemacao.com\/1\/wp-json\/wp\/v2\/comments?post=66360"}],"version-history":[{"count":1,"href":"https:\/\/www.caririemacao.com\/1\/wp-json\/wp\/v2\/posts\/66360\/revisions"}],"predecessor-version":[{"id":66361,"href":"https:\/\/www.caririemacao.com\/1\/wp-json\/wp\/v2\/posts\/66360\/revisions\/66361"}],"wp:featuredmedia":[{"embeddable":true,"href":"https:\/\/www.caririemacao.com\/1\/wp-json\/wp\/v2\/media\/42005"}],"wp:attachment":[{"href":"https:\/\/www.caririemacao.com\/1\/wp-json\/wp\/v2\/media?parent=66360"}],"wp:term":[{"taxonomy":"category","embeddable":true,"href":"https:\/\/www.caririemacao.com\/1\/wp-json\/wp\/v2\/categories?post=66360"},{"taxonomy":"post_tag","embeddable":true,"href":"https:\/\/www.caririemacao.com\/1\/wp-json\/wp\/v2\/tags?post=66360"}],"curies":[{"name":"wp","href":"https:\/\/api.w.org\/{rel}","templated":true}]}}