{"id":66362,"date":"2018-09-27T22:39:24","date_gmt":"2018-09-28T01:39:24","guid":{"rendered":"http:\/\/www.caririemacao.com\/1\/?p=66362"},"modified":"2018-09-27T22:39:24","modified_gmt":"2018-09-28T01:39:24","slug":"brasil-espera-bater-recorde-de-doacao-de-orgaos-em-2018","status":"publish","type":"post","link":"https:\/\/www.caririemacao.com\/1\/2018\/09\/27\/brasil-espera-bater-recorde-de-doacao-de-orgaos-em-2018\/","title":{"rendered":"Brasil espera bater recorde de doa\u00e7\u00e3o de \u00f3rg\u00e3os em 2018"},"content":{"rendered":"<p>O\u00a0Minist\u00e9rio da Sa\u00fade espera atingir, at\u00e9 o final do ano, o maior n\u00famero de doa\u00e7\u00e3o de \u00f3rg\u00e3os desde 2014.<\/p>\n<p>Entre janeiro e junho deste ano a pasta registrou crescimento de 7%, em rela\u00e7\u00e3o ao ano passado, no n\u00famero de doadores efetivos de \u00f3rg\u00e3os \u2013 aqueles que iniciaram a cirurgia para a retirada de \u00f3rg\u00e3os com a finalidade de transplante.<\/p>\n<p>O n\u00famero de doadores no primeiro semestres passou de 1.653 em 2017 para para 1.765 em 2018 e a expectativa \u00e9 chegar a 3.530 at\u00e9 o final do ano. O Minist\u00e9rio da Sa\u00fade estima que vai alcan\u00e7ar recorde nos transplantes de f\u00edgado (2.222), pulm\u00e3o (130), cora\u00e7\u00e3o (382) e medula \u00f3ssea (2.684), at\u00e9 o final de 2018.<\/p>\n<p>Entre os \u00f3rg\u00e3os que tem mais demanda do que oferta para doa\u00e7\u00e3o, o pulm\u00e3o \u00e9 o que apresenta maior defasagem, segundo o presidente da Associa\u00e7\u00e3o Brasileira de Transplante de Org\u00e3os (ABTO), Paulo P\u00eago Fernandes. A demanda potencial desse \u00f3rg\u00e3o para atender uma popula\u00e7\u00e3o de 210 milh\u00f5es de pessoas seria de 1,6 mil doa\u00e7\u00f5es.<\/p>\n<p>\u201cA maior defasagem te\u00f3rica entre o n\u00famero de transplantes realizados e o n\u00famero de transplantes necess\u00e1rios \u00e9 o de pulm\u00e3o, \u00e9 o que necessitaria aumentar mais a oferta. O transplante de pulm\u00e3o exige mais aten\u00e7\u00e3o, poucos estados fazem. \u00c9 um \u00f3rg\u00e3o que exige mais cuidado e tratamento mais adequado do doador\u201d, explica Fernandes.<\/p>\n<p>A expectativa do Minist\u00e9rio da Sa\u00fade \u00e9 realizar 24,6 mil transplantes at\u00e9 o final do ano, sendo 8.690 de \u00f3rg\u00e3os s\u00f3lidos (cora\u00e7\u00e3o, f\u00edgado, p\u00e2ncreas, pulm\u00e3o, rim e p\u00e2ncreas) \u2013 maior n\u00famero dos \u00faltimos oito anos. Os transplantes de c\u00f3rnea apontam redu\u00e7\u00e3o em 2018 em raz\u00e3o da redu\u00e7\u00e3o da lista de espera em alguns estados. Amazonas, Cear\u00e1, Goi\u00e1s, Pernambuco e Paran\u00e1 s\u00e3o considerados em situa\u00e7\u00e3o de lista zerada com rela\u00e7\u00e3o ao transporte de c\u00f3rnea.<\/p>\n<p>Lista de Espera<\/p>\n<p>A lista de espera registrou queda de 6% em rela\u00e7\u00e3o ao mesmo per\u00edodo ano passado passando de 44.005 parar 41.266 o n\u00famero de pessoas que aguardam por uma doa\u00e7\u00e3o de \u00f3rg\u00e3os no pa\u00eds. Apesar da diminui\u00e7\u00e3o em rela\u00e7\u00e3o ao ano anterior, a lista ainda est\u00e1 acima dos patamares atingidos em 2016 (41.052 ) e 2015 (41.236).<\/p>\n<p>\u201cHouve um aumento de casos da lista de 2017 e uma redu\u00e7\u00e3o em 2018, estabilizando se voc\u00ea considerar os \u00faltimos anos. Precisamos priorizar as campanhas, conscientizar a popula\u00e7\u00e3o e fazer essa rela\u00e7\u00e3o direta com as fam\u00edlias para que a gente possa aumentar tanto o n\u00famero de doadores quanto o de transplantes para reduzir efetivamente os n\u00fameros\u201d, afirmou o ministro da Sa\u00fade interino, Ade\u00edlson Cavalcante.<\/p>\n<p><img decoding=\"async\" class=\"alignnone size-medium wp-image-507605 lazyloaded\" src=\"https:\/\/paraibaonline.com.br\/wp-content\/uploads\/2018\/09\/tranplantes_vale_esta-556x417.jpg\" sizes=\"(max-width: 556px) 100vw, 556px\" srcset=\"https:\/\/paraibaonline.com.br\/wp-content\/uploads\/2018\/09\/tranplantes_vale_esta-556x417.jpg 556w, https:\/\/paraibaonline.com.br\/wp-content\/uploads\/2018\/09\/tranplantes_vale_esta.jpg 800w\" alt=\"\" data-lazy-src=\"https:\/\/paraibaonline.com.br\/wp-content\/uploads\/2018\/09\/tranplantes_vale_esta-556x417.jpg\" data-lazy-srcset=\"https:\/\/paraibaonline.com.br\/wp-content\/uploads\/2018\/09\/tranplantes_vale_esta-556x417.jpg 556w, https:\/\/paraibaonline.com.br\/wp-content\/uploads\/2018\/09\/tranplantes_vale_esta.jpg 800w\" data-lazy-sizes=\"(max-width: 556px) 100vw, 556px\" data-was-processed=\"true\" \/><\/p>\n<p>Para o presidente da ABTO as campanhas ajudam, mas tem limita\u00e7\u00f5es. Ele aponta como medidas efetivas para aumentar o n\u00famero de doa\u00e7\u00f5es de \u00f3rg\u00e3os o treinamento de equipes multidisciplinares de sa\u00fade com rela\u00e7\u00e3o ao diagn\u00f3stico de morte encef\u00e1lica e a cria\u00e7\u00e3o de centros regionais de transplante.<\/p>\n<p>\u201cVoc\u00ea tem quem treinar pessoas a n\u00edvel de Brasil inteiro no sentido dessa quest\u00e3o: de fazer diagn\u00f3stico e de saber como conversar, explicar essa situa\u00e7\u00e3o para os familiares. Outra quest\u00e3o s\u00e3o os centros regionais de transplante, porque o fato de o pa\u00eds ser muito grande, dependendo do \u00f3rg\u00e3o voc\u00ea n\u00e3o consegue transport\u00e1-lo do Norte para o Sul a tempo, ficaria muito tempo fora do corpo e, com isso, invi\u00e1vel para utiliza\u00e7\u00e3o\u201d, afirma Fernandes.<\/p>\n<p>O Minist\u00e9rio da Sa\u00fade informou que repassa recursos para estados e munic\u00edpios qualificarem profissionais de sa\u00fade envolvidos nos processos de doa\u00e7\u00e3o de \u00f3rg\u00e3os e tecidos. O or\u00e7amento federal para esta \u00e1rea \u00e9 de R$ 1 bilh\u00e3o. A pasta diz que vai ofertar 74 oficinas de capacita\u00e7\u00e3o para 4 mil m\u00e9dicos at\u00e9 2020 em atendimento \u00e0 nova resolu\u00e7\u00e3o do Conselho Federal de Medicina (CFM) para o diagn\u00f3stico da morte encef\u00e1lica.<\/p>\n<p>Estrutura de atendimento<br \/>\nO Sistema \u00danico de Sa\u00fade (SUS) \u00e9 o maior sistema p\u00fablico de transplante do mundo sendo respons\u00e1vel por cerca de 96% dos transplantes realizados no pa\u00eds. O Sistema Nacional de Transplantes \u00e9 formado pelas 27 Centrais Estaduais de Transplantes; 13 C\u00e2maras T\u00e9cnicas Nacionais; 504 estabelecimentos e 851 servi\u00e7os habilitados; 1.157 equipes de transplantes; 574 Comiss\u00f5es Intra-hospitalares de Doa\u00e7\u00f5es e Transplantes; e 72 Organiza\u00e7\u00f5es de Procura de \u00d3rg\u00e3os (OPOs).<\/p>\n<p>Transporte<br \/>\nAs companhias de avia\u00e7\u00e3o civil transportaram, entre junho de 2016 at\u00e9 junho deste ano, a partir do termo de coopera\u00e7\u00e3o firmado com o Minist\u00e9rio da Sa\u00fade, 9.236 \u00f3rg\u00e3os s\u00f3lidos (cora\u00e7\u00e3o, f\u00edgado, p\u00e2ncreas, rim e pulm\u00e3o) e tecidos. Em rela\u00e7\u00e3o ao primeiro semestre deste ano, houve crescimento de 6% em compara\u00e7\u00e3o ao primeiro semestre de 2017, passando de 2.327 itens transportados, entre \u00f3rg\u00e3os, tecidos e equipes para 2.474. J\u00e1 a FAB transportou entre junho de 2016, quando saiu o Decreto Presidencial n\u00ba 8.783, de junho de 2016, at\u00e9 junho deste ano, 513 \u00f3rg\u00e3os s\u00f3lidos (cora\u00e7\u00e3o, f\u00edgado, p\u00e2ncreas, rim e pulm\u00e3o) e tecidos.<\/p>\n<p>Para\u00edba Online<\/p>\n<p>Cariri Em A\u00e7\u00e3o<\/p>\n<p>Leia mais not\u00edcias em\u00a0<a href=\"http:\/\/www.caririemacao.com\/\">caririemacao.com<\/a>, siga nossa p\u00e1gina no\u00a0<a href=\"https:\/\/www.facebook.com\/CaririEmAcao\/?ref=aymt_homepage_panel\">Facebook<\/a>,\u00a0<a href=\"https:\/\/www.instagram.com\/cariri_em_acao\/?hl=pt-br\">Instagram<\/a>\u00a0e\u00a0<a href=\"https:\/\/www.youtube.com\/channel\/UCAptA0jQuYQy8vMhLt2m4qg\">Youtube<\/a>\u00a0e veja nossas mat\u00e9rias, v\u00eddeos e fotos. Voc\u00ea tamb\u00e9m pode enviar informa\u00e7\u00f5es \u00e0 Reda\u00e7\u00e3o do Portal Cariri em A\u00e7\u00e3o pelo WhatsApp (83) 9 9634.5791, (83) 9 9601-1162.<\/p>\n","protected":false},"excerpt":{"rendered":"<p>O\u00a0Minist\u00e9rio da Sa\u00fade espera atingir, at\u00e9 o final do ano, o maior n\u00famero de doa\u00e7\u00e3o de \u00f3rg\u00e3os desde 2014. Entre janeiro e junho deste ano&hellip; <\/p>\n","protected":false},"author":1,"featured_media":66363,"comment_status":"closed","ping_status":"closed","sticky":false,"template":"","format":"standard","meta":{"sfsi_plus_gutenberg_text_before_share":"","sfsi_plus_gutenberg_show_text_before_share":"","sfsi_plus_gutenberg_icon_type":"","sfsi_plus_gutenberg_icon_alignemt":"","sfsi_plus_gutenburg_max_per_row":"","footnotes":""},"categories":[16],"tags":[],"class_list":["post-66362","post","type-post","status-publish","format-standard","has-post-thumbnail","hentry","category-saude"],"_links":{"self":[{"href":"https:\/\/www.caririemacao.com\/1\/wp-json\/wp\/v2\/posts\/66362","targetHints":{"allow":["GET"]}}],"collection":[{"href":"https:\/\/www.caririemacao.com\/1\/wp-json\/wp\/v2\/posts"}],"about":[{"href":"https:\/\/www.caririemacao.com\/1\/wp-json\/wp\/v2\/types\/post"}],"author":[{"embeddable":true,"href":"https:\/\/www.caririemacao.com\/1\/wp-json\/wp\/v2\/users\/1"}],"replies":[{"embeddable":true,"href":"https:\/\/www.caririemacao.com\/1\/wp-json\/wp\/v2\/comments?post=66362"}],"version-history":[{"count":1,"href":"https:\/\/www.caririemacao.com\/1\/wp-json\/wp\/v2\/posts\/66362\/revisions"}],"predecessor-version":[{"id":66364,"href":"https:\/\/www.caririemacao.com\/1\/wp-json\/wp\/v2\/posts\/66362\/revisions\/66364"}],"wp:featuredmedia":[{"embeddable":true,"href":"https:\/\/www.caririemacao.com\/1\/wp-json\/wp\/v2\/media\/66363"}],"wp:attachment":[{"href":"https:\/\/www.caririemacao.com\/1\/wp-json\/wp\/v2\/media?parent=66362"}],"wp:term":[{"taxonomy":"category","embeddable":true,"href":"https:\/\/www.caririemacao.com\/1\/wp-json\/wp\/v2\/categories?post=66362"},{"taxonomy":"post_tag","embeddable":true,"href":"https:\/\/www.caririemacao.com\/1\/wp-json\/wp\/v2\/tags?post=66362"}],"curies":[{"name":"wp","href":"https:\/\/api.w.org\/{rel}","templated":true}]}}