{"id":66371,"date":"2018-09-28T07:15:13","date_gmt":"2018-09-28T10:15:13","guid":{"rendered":"http:\/\/www.caririemacao.com\/1\/?p=66371"},"modified":"2018-09-28T07:15:13","modified_gmt":"2018-09-28T10:15:13","slug":"as-criticas-a-bolsonaro-tem-que-parar-diz-cassio-cunha-lima","status":"publish","type":"post","link":"https:\/\/www.caririemacao.com\/1\/2018\/09\/28\/as-criticas-a-bolsonaro-tem-que-parar-diz-cassio-cunha-lima\/","title":{"rendered":"\u2018As cr\u00edticas a Bolsonaro t\u00eam que parar\u2019, diz C\u00e1ssio Cunha Lima"},"content":{"rendered":"<p>Em um exerc\u00edcio de autocr\u00edtica, o ex-governador da Para\u00edba e vice-presidente do Senado, C\u00e1ssio Cunha Lima (PSDB), considera que a candidatura de Geraldo Alckmin (PSDB) errou ao fazer ataques ao advers\u00e1rio do PSL, Jair Bolsonaro, e defende uma mudan\u00e7a de rumo na fase final da campanha eleitoral.<\/p>\n<p>\u201cEm dado momento, a campanha do Alckmin se contrap\u00f4s ao eleitor hist\u00f3rico do PSDB. E isso precisa, nesta reta final, ser resgatado\u201d, disse. \u00c0 reportagem, o tucano avalia que seu partido \u201cn\u00e3o pode cometer o erro de achar que tem a fidelidade absoluta\u201d do eleitorado tucano e que precisa recuperar o apoio de eleitores antipetistas, hoje com o capit\u00e3o reformado.<\/p>\n<p>PERGUNTA \u2013 Como v\u00ea o cen\u00e1rio atual da campanha?<br \/>\nC\u00c1SSIO CUNHA LIMA \u2013 \u00c9 uma campanha que, apesar de alguns indicadores apontarem para uma polariza\u00e7\u00e3o entre Fernando Haddad e Jair Bolsonaro, ainda acredito que exista um espa\u00e7o para o crescimento da candidatura de Geraldo Alckmin.<\/p>\n<p>P \u2013 Que erro o Alckmin poderia ter evitado?<br \/>\nCC\u00c7 \u2013 De forma mais gen\u00e9rica, a partir do atentado, o Bolsonaro deixou de ser um simples candidato de carne e osso que voc\u00ea pode enfrentar e passou a catalisar um sentimento. Quando voc\u00ea passa a enfrentar um sentimento, ao bater no portador dessa ideia, voc\u00ea se confronta com os que acreditam naquilo, na mensagem. Ent\u00e3o, em dado momento, a campanha do Alckmin se contrap\u00f4s ao eleitor hist\u00f3rico do PSDB. E isso precisa, nesta reta final, ser resgatado.<\/p>\n<p>P \u2013 Se o senhor pudesse sugerir uma mudan\u00e7a de rota, qual seria?<br \/>\nCCL \u2013 A mudan\u00e7a que eu faria era uma concentra\u00e7\u00e3o firme na nossa linha hist\u00f3rica de cr\u00edtica ao PT.<\/p>\n<p>P \u2013 E pararia com as cr\u00edticas ao Bolsonaro?<br \/>\nCCL \u2013 Acho que, a esta altura, as cr\u00edticas tem que [parar]. At\u00e9 porque tem uma l\u00f3gica de corrida. Se voc\u00ea est\u00e1 numa corrida de autom\u00f3vel em terceiro lugar, para chegar ao primeiro, voc\u00ea, antes, tem que atravessar o segundo. Voc\u00ea n\u00e3o sai de terceiro para primeiro. Hoje voc\u00ea tem, faltando poucos dias para as elei\u00e7\u00f5es, um candidato que tem um voto muito cristalizado no primeiro turno, que \u00e9 o Bolsonaro, e tem outro segmento que fala para a candidatura do Haddad. \u00c9 preciso ultrapassar o Haddad. E como fa\u00e7o isso? Mostrando a este eleitor, que est\u00e1 indo para o Bolsonaro, que n\u00f3s tamb\u00e9m somos anti-PT. Porque, na hora que voc\u00ea faz cr\u00edtica ao Bolsonaro e faz cr\u00edtica ao PT, voc\u00ea perde um pouco a hegemonia da polariza\u00e7\u00e3o com o PT.<\/p>\n<p>P \u2013 O Bolsonaro, ent\u00e3o, tomou o lugar do PSDB nesta polariza\u00e7\u00e3o esquerda-direita?<br \/>\nCCL \u2013 Ele ocupou um espa\u00e7o, sobretudo depois da facada, quando deixou de ser um candidato. O brasileiro que est\u00e1 indignado com a corrup\u00e7\u00e3o e que est\u00e1 clamando por seguran\u00e7a p\u00fablica se v\u00ea representado hoje na ideia e na concep\u00e7\u00e3o da candidatura do Bolsonaro. Quando voc\u00ea faz este enfrentamento a um sentimento, voc\u00ea est\u00e1 enfrentado uma ideia. E o eleitor se sente atacado tamb\u00e9m. E este eleitor j\u00e1 foi nosso. \u00c9 este eleitor que precisamos recuperar at\u00e9 o dia 7.<\/p>\n<p>P \u2013 Ent\u00e3o, a recupera\u00e7\u00e3o do eleitor que est\u00e1 com Bolsonaro n\u00e3o ocorre com ataques ao capit\u00e3o reformado?<br \/>\nCCL \u2013 O PSDB n\u00e3o pode cometer o erro de achar que tem a fidelidade absoluta deste eleitor. Este eleitor n\u00e3o tem fidelidade incondicional ao PSDB e, consequentemente, \u00e0 candidatura de Alckmin. E ele precisa ser conquistado, cativado. Como? \u00c0 medida que nos apresentemos como, de fato, uma alternativa anti-PT, coisa que o Bolsonaro est\u00e1 conseguindo fazer com mais compet\u00eancia. Esta \u00e9 a minha opini\u00e3o e acredito que seja a opini\u00e3o majorit\u00e1ria no partido. Mas eu n\u00e3o tenho o comando da comunica\u00e7\u00e3o da campanha.<\/p>\n<p>P \u2013 O problema s\u00e3o os marqueteiros?<br \/>\nCCL \u2013 Nessas campanhas voc\u00ea tem profissionais contratados que decidem.<br \/>\nO PSDB n\u00e3o perdeu s\u00f3 agora espa\u00e7o. H\u00e1 tamb\u00e9m uma associa\u00e7\u00e3o com as den\u00fancias de corrup\u00e7\u00e3o que envolveram o partido.<br \/>\nEste segmento eleitoral ao qual estou me referindo, que tem este sentimento, tem demonstrado uma rejei\u00e7\u00e3o a tudo isso. \u00c9 um fato que vem ocorrendo h\u00e1 algum tempo. Mas a estrat\u00e9gia da campanha de Alckmin foi no sentido de conseguir uma base pol\u00edtica mais larga, que conseguisse converter isso em apoio eleitoral e tempo de televis\u00e3o. O tempo de TV, que poderia alavancar a candidatura, se se comete um erro estrat\u00e9gico, pode, em vez disso, puxar para baixo. Considero Alckmin o mais preparado, qualificado e melhor candidato. Continuo defendendo a candidatura de Alckmin, voto nele e fa\u00e7o a campanha dele.<\/p>\n<p>P \u2013 O que levou o PSDB a chegar neste cen\u00e1rio de dificuldade atual?<br \/>\nCCL \u2013 A pol\u00edtica brasileira, de forma geral, sofreu as consequ\u00eancias da Lava Jato. Em dado momento, os grandes partidos tiveram problemas fruto do sistema pol\u00edtico brasileiro e daqueles que fizeram op\u00e7\u00f5es n\u00edtidas de enriquecimento il\u00edcito. Qual a vantagem que o Bolsonaro levou neste processo? Al\u00e9m de ter uma trajet\u00f3ria n\u00f4made no aspecto partid\u00e1rio, ele nunca teve nenhum envolvimento direto mencionado nestes epis\u00f3dios. Den\u00fancias foram feitas e devem ser apuradas. O PSDB tem uma postura diferente e n\u00f3s n\u00e3o afirmamos que se trata de uma conspira\u00e7\u00e3o. Todos devem responder pelos seus atos, devem ser investigados. S\u00f3 que esta mensagem n\u00e3o foi dita com muita clareza, talvez.<\/p>\n<p>P \u2013 O senhor vislumbra uma unidade entre Alckmin e Bolsonaro no segundo turno?<br \/>\nCCL \u2013 A chegada do Alckmin far\u00e1 com que ele traga esse sentimento antipetista para a candidatura dele. Por isso, acredito na chegada dele ao segundo turno e na vit\u00f3ria dele. Mesmo que n\u00e3o traga o percentual completo dos que est\u00e3o hoje com o Bolsonaro, a grande maioria vai migrar para o Alckmin no segundo turno.<\/p>\n<p>P \u2013 Ent\u00e3o, pode haver um segundo turno sem apoios partid\u00e1rios claros.<br \/>\nCCL \u2013 A candidatura do Bolsonaro representa isso. Por isso, digo que \u00e9 perigoso e arriscado bater nele, porque ele n\u00e3o tem tempo de televis\u00e3o e n\u00e3o tem partidos pol\u00edticos, mas chegou ao que chegou porque catalisou esse sentimento. Isso precisa ser respeitado e observado com muita aten\u00e7\u00e3o.<\/p>\n<p>P \u2013 H\u00e1 espa\u00e7o para a aprova\u00e7\u00e3o de uma reforma previdenci\u00e1ria ainda neste governo?<br \/>\nCCL \u2013 O governo Temer n\u00e3o tem nenhuma credibilidade, legitimidade ou autoridade para propor qualquer coisa que interfira na vida dos brasileiros. O que o presidente precisa \u00e9 contar as horas, come\u00e7ar a arrumar as gavetas e ir para a casa.<\/p>\n<p>Folha Espree<\/p>\n<p>Cariri Em A\u00e7\u00e3o<\/p>\n<p>Leia mais not\u00edcias em\u00a0<a href=\"http:\/\/www.caririemacao.com\/\">caririemacao.com<\/a>, siga nossa p\u00e1gina no\u00a0<a href=\"https:\/\/www.facebook.com\/CaririEmAcao\/?ref=aymt_homepage_panel\">Facebook<\/a>,\u00a0<a href=\"https:\/\/www.instagram.com\/cariri_em_acao\/?hl=pt-br\">Instagram<\/a>\u00a0e\u00a0<a href=\"https:\/\/www.youtube.com\/channel\/UCAptA0jQuYQy8vMhLt2m4qg\">Youtube<\/a>\u00a0e veja nossas mat\u00e9rias, v\u00eddeos e fotos. Voc\u00ea tamb\u00e9m pode enviar informa\u00e7\u00f5es \u00e0 Reda\u00e7\u00e3o do Portal Cariri em A\u00e7\u00e3o pelo WhatsApp (83) 9 9634.5791, (83) 9 9601-1162.<\/p>\n","protected":false},"excerpt":{"rendered":"<p>Em um exerc\u00edcio de autocr\u00edtica, o ex-governador da Para\u00edba e vice-presidente do Senado, C\u00e1ssio Cunha Lima (PSDB), considera que a candidatura de Geraldo Alckmin (PSDB)&hellip; <\/p>\n","protected":false},"author":1,"featured_media":14458,"comment_status":"closed","ping_status":"closed","sticky":false,"template":"","format":"standard","meta":{"sfsi_plus_gutenberg_text_before_share":"","sfsi_plus_gutenberg_show_text_before_share":"","sfsi_plus_gutenberg_icon_type":"","sfsi_plus_gutenberg_icon_alignemt":"","sfsi_plus_gutenburg_max_per_row":"","footnotes":""},"categories":[1],"tags":[],"class_list":["post-66371","post","type-post","status-publish","format-standard","has-post-thumbnail","hentry","category-o-site"],"_links":{"self":[{"href":"https:\/\/www.caririemacao.com\/1\/wp-json\/wp\/v2\/posts\/66371","targetHints":{"allow":["GET"]}}],"collection":[{"href":"https:\/\/www.caririemacao.com\/1\/wp-json\/wp\/v2\/posts"}],"about":[{"href":"https:\/\/www.caririemacao.com\/1\/wp-json\/wp\/v2\/types\/post"}],"author":[{"embeddable":true,"href":"https:\/\/www.caririemacao.com\/1\/wp-json\/wp\/v2\/users\/1"}],"replies":[{"embeddable":true,"href":"https:\/\/www.caririemacao.com\/1\/wp-json\/wp\/v2\/comments?post=66371"}],"version-history":[{"count":1,"href":"https:\/\/www.caririemacao.com\/1\/wp-json\/wp\/v2\/posts\/66371\/revisions"}],"predecessor-version":[{"id":66382,"href":"https:\/\/www.caririemacao.com\/1\/wp-json\/wp\/v2\/posts\/66371\/revisions\/66382"}],"wp:featuredmedia":[{"embeddable":true,"href":"https:\/\/www.caririemacao.com\/1\/wp-json\/wp\/v2\/media\/14458"}],"wp:attachment":[{"href":"https:\/\/www.caririemacao.com\/1\/wp-json\/wp\/v2\/media?parent=66371"}],"wp:term":[{"taxonomy":"category","embeddable":true,"href":"https:\/\/www.caririemacao.com\/1\/wp-json\/wp\/v2\/categories?post=66371"},{"taxonomy":"post_tag","embeddable":true,"href":"https:\/\/www.caririemacao.com\/1\/wp-json\/wp\/v2\/tags?post=66371"}],"curies":[{"name":"wp","href":"https:\/\/api.w.org\/{rel}","templated":true}]}}