{"id":66372,"date":"2018-09-27T23:46:17","date_gmt":"2018-09-28T02:46:17","guid":{"rendered":"http:\/\/www.caririemacao.com\/1\/?p=66372"},"modified":"2018-09-27T23:46:17","modified_gmt":"2018-09-28T02:46:17","slug":"prefeito-assina-nesta-sexta-feira-ordem-de-servico-para-construcao-de-03-portais-de-acesso-a-caraubas","status":"publish","type":"post","link":"https:\/\/www.caririemacao.com\/1\/2018\/09\/27\/prefeito-assina-nesta-sexta-feira-ordem-de-servico-para-construcao-de-03-portais-de-acesso-a-caraubas\/","title":{"rendered":"Prefeito assina nesta sexta-feira ordem de servi\u00e7o para constru\u00e7\u00e3o de 03 portais de acesso \u00e0 Cara\u00fabas"},"content":{"rendered":"<p>O prefeito do munic\u00edpio de Cara\u00fabas, Silvano Dudu, realiza \u00e0s 10h da manh\u00e3 desta sexta-feira, dia 28, na sede da Prefeitura Municipal, a solenidade da assinatura da ordem de servi\u00e7o de constru\u00e7\u00e3o dos portais de acesso a cidade de Cara\u00fabas.<\/p>\n<p>Segundo o projeto, ser\u00e3o constru\u00eddos 03 portais de acesso a cidade de Cara\u00fabas, nas sa\u00eddas para o Congo, Barra de S\u00e3o Miguel e Coxixola\/S\u00e3o Domingos do Cariri.<\/p>\n<p>O prefeito Silvano ressalta que os recursos s\u00e3o oriundos de conv\u00eanio junto ao Minist\u00e9rio do Turismo, no valor de R$ 304.200,00, sendo R$ 11.700,00 de contrapartida do munic\u00edpio.<\/p>\n<p>\u201cCom a implanta\u00e7\u00e3o dos Portais Tur\u00edsticos nas principais vias de acesso \u00e0 cidade, o munic\u00edpio ter\u00e1 como objetivo apresentar um cart\u00e3o postal de visita, se preparando para receber turistas de todas as regi\u00f5es do pa\u00eds. O munic\u00edpio recebe turistas de diversas cidades brasileiras e de outros pa\u00edses que visitam a cidade em \u00e9pocas afins com o objetivo de participar dos principais eventos tur\u00edsticos, como a tradicional festa de S\u00e3o Pedro, Cavalgada, Festa da Cabra e Festival da Viola e do Repente, O Po\u00e7o do Cangat\u00ed, antigo local de capta\u00e7\u00e3o de \u00e1gua que se remete \u00e0 cria\u00e7\u00e3o da fazenda que deu origem a cidade, o Cruzeiro localizado na entrada da cidade pela PB-186 vindo de Coxixola, a Cruz dos Ciganos, localizado na PB-196, sentido Barra de S\u00e3o Miguel, uma refer\u00eancia ao hist\u00f3rico conflito entre ciganos e cangaceiros ocorrido por volta de 1911\u201d, destacou o prefeito.<\/p>\n","protected":false},"excerpt":{"rendered":"<p>O prefeito do munic\u00edpio de Cara\u00fabas, Silvano Dudu, realiza \u00e0s 10h da manh\u00e3 desta sexta-feira, dia 28, na sede da Prefeitura Municipal, a solenidade da&hellip; <\/p>\n","protected":false},"author":2,"featured_media":26595,"comment_status":"closed","ping_status":"closed","sticky":false,"template":"","format":"standard","meta":{"sfsi_plus_gutenberg_text_before_share":"","sfsi_plus_gutenberg_show_text_before_share":"","sfsi_plus_gutenberg_icon_type":"","sfsi_plus_gutenberg_icon_alignemt":"","sfsi_plus_gutenburg_max_per_row":"","footnotes":""},"categories":[6],"tags":[],"class_list":["post-66372","post","type-post","status-publish","format-standard","has-post-thumbnail","hentry","category-cidades"],"_links":{"self":[{"href":"https:\/\/www.caririemacao.com\/1\/wp-json\/wp\/v2\/posts\/66372","targetHints":{"allow":["GET"]}}],"collection":[{"href":"https:\/\/www.caririemacao.com\/1\/wp-json\/wp\/v2\/posts"}],"about":[{"href":"https:\/\/www.caririemacao.com\/1\/wp-json\/wp\/v2\/types\/post"}],"author":[{"embeddable":true,"href":"https:\/\/www.caririemacao.com\/1\/wp-json\/wp\/v2\/users\/2"}],"replies":[{"embeddable":true,"href":"https:\/\/www.caririemacao.com\/1\/wp-json\/wp\/v2\/comments?post=66372"}],"version-history":[{"count":1,"href":"https:\/\/www.caririemacao.com\/1\/wp-json\/wp\/v2\/posts\/66372\/revisions"}],"predecessor-version":[{"id":66373,"href":"https:\/\/www.caririemacao.com\/1\/wp-json\/wp\/v2\/posts\/66372\/revisions\/66373"}],"wp:featuredmedia":[{"embeddable":true,"href":"https:\/\/www.caririemacao.com\/1\/wp-json\/wp\/v2\/media\/26595"}],"wp:attachment":[{"href":"https:\/\/www.caririemacao.com\/1\/wp-json\/wp\/v2\/media?parent=66372"}],"wp:term":[{"taxonomy":"category","embeddable":true,"href":"https:\/\/www.caririemacao.com\/1\/wp-json\/wp\/v2\/categories?post=66372"},{"taxonomy":"post_tag","embeddable":true,"href":"https:\/\/www.caririemacao.com\/1\/wp-json\/wp\/v2\/tags?post=66372"}],"curies":[{"name":"wp","href":"https:\/\/api.w.org\/{rel}","templated":true}]}}