{"id":66374,"date":"2018-09-27T23:56:09","date_gmt":"2018-09-28T02:56:09","guid":{"rendered":"http:\/\/www.caririemacao.com\/1\/?p=66374"},"modified":"2018-09-27T23:56:09","modified_gmt":"2018-09-28T02:56:09","slug":"camara-de-gurjao-realiza-sessao-itinerante-nesta-sexta-feira","status":"publish","type":"post","link":"https:\/\/www.caririemacao.com\/1\/2018\/09\/27\/camara-de-gurjao-realiza-sessao-itinerante-nesta-sexta-feira\/","title":{"rendered":"C\u00e2mara de Gurj\u00e3o realiza Sess\u00e3o Itinerante nesta sexta-feira"},"content":{"rendered":"<p>Com o objetivo de promover a integra\u00e7\u00e3o do Legislativo com as comunidades, a C\u00e2mara de Vereadores de Gurj\u00e3o realiza nesta sexta-feira, dia 28, Sess\u00e3o Itinerante na comunidade de \u00c1gua Fria, zona rural de Gurj\u00e3o.<\/p>\n<p>De acordo com presidente Adailsinho Queiroz, a sess\u00e3o come\u00e7a \u00e0s 19h, no estabelecimento do senhor Nildo Rufino e toda popula\u00e7\u00e3o est\u00e1 convidada a levar suas sugest\u00f5es e reivindica\u00e7\u00f5es para serem apresentadas aos vereadores.<\/p>\n<p>\u201cDurante a Sess\u00e3o Itinerante, ser\u00e3o votados os requerimentos e projetos comuns \u00e0s pautas do Legislativo e ser\u00e1 aberto espa\u00e7o para a comunidade se pronunciar sobre suas demandas\u201d, destacou.<\/p>\n","protected":false},"excerpt":{"rendered":"<p>Com o objetivo de promover a integra\u00e7\u00e3o do Legislativo com as comunidades, a C\u00e2mara de Vereadores de Gurj\u00e3o realiza nesta sexta-feira, dia 28, Sess\u00e3o Itinerante&hellip; <\/p>\n","protected":false},"author":2,"featured_media":48095,"comment_status":"closed","ping_status":"closed","sticky":false,"template":"","format":"standard","meta":{"sfsi_plus_gutenberg_text_before_share":"","sfsi_plus_gutenberg_show_text_before_share":"","sfsi_plus_gutenberg_icon_type":"","sfsi_plus_gutenberg_icon_alignemt":"","sfsi_plus_gutenburg_max_per_row":"","footnotes":""},"categories":[2],"tags":[],"class_list":["post-66374","post","type-post","status-publish","format-standard","has-post-thumbnail","hentry","category-geral"],"_links":{"self":[{"href":"https:\/\/www.caririemacao.com\/1\/wp-json\/wp\/v2\/posts\/66374","targetHints":{"allow":["GET"]}}],"collection":[{"href":"https:\/\/www.caririemacao.com\/1\/wp-json\/wp\/v2\/posts"}],"about":[{"href":"https:\/\/www.caririemacao.com\/1\/wp-json\/wp\/v2\/types\/post"}],"author":[{"embeddable":true,"href":"https:\/\/www.caririemacao.com\/1\/wp-json\/wp\/v2\/users\/2"}],"replies":[{"embeddable":true,"href":"https:\/\/www.caririemacao.com\/1\/wp-json\/wp\/v2\/comments?post=66374"}],"version-history":[{"count":1,"href":"https:\/\/www.caririemacao.com\/1\/wp-json\/wp\/v2\/posts\/66374\/revisions"}],"predecessor-version":[{"id":66375,"href":"https:\/\/www.caririemacao.com\/1\/wp-json\/wp\/v2\/posts\/66374\/revisions\/66375"}],"wp:featuredmedia":[{"embeddable":true,"href":"https:\/\/www.caririemacao.com\/1\/wp-json\/wp\/v2\/media\/48095"}],"wp:attachment":[{"href":"https:\/\/www.caririemacao.com\/1\/wp-json\/wp\/v2\/media?parent=66374"}],"wp:term":[{"taxonomy":"category","embeddable":true,"href":"https:\/\/www.caririemacao.com\/1\/wp-json\/wp\/v2\/categories?post=66374"},{"taxonomy":"post_tag","embeddable":true,"href":"https:\/\/www.caririemacao.com\/1\/wp-json\/wp\/v2\/tags?post=66374"}],"curies":[{"name":"wp","href":"https:\/\/api.w.org\/{rel}","templated":true}]}}