{"id":66376,"date":"2018-09-28T00:12:15","date_gmt":"2018-09-28T03:12:15","guid":{"rendered":"http:\/\/www.caririemacao.com\/1\/?p=66376"},"modified":"2018-09-28T00:13:49","modified_gmt":"2018-09-28T03:13:49","slug":"prefeitura-de-prata-entrega-ubs-na-vila-cazuza-nesta-sexta-feira","status":"publish","type":"post","link":"https:\/\/www.caririemacao.com\/1\/2018\/09\/28\/prefeitura-de-prata-entrega-ubs-na-vila-cazuza-nesta-sexta-feira\/","title":{"rendered":"Prefeitura de Prata entrega UBS na Vila Cazuza nesta sexta-feira"},"content":{"rendered":"<p>Ser\u00e1 inaugurada, na noite desta sexta-feira, dia 28, \u00e0s 18h, a Unidade B\u00e1sica de Sa\u00fade \u00c2ncora &#8221; Laura Cecilia de Sousa&#8221;, localizada na Vila Cazuza, munic\u00edpio de Prata\/PB.<\/p>\n<p>A UBS, bastante aguardada pela popula\u00e7\u00e3o, vai melhorar os servi\u00e7os de sa\u00fade da Vila Cazuza. Uma obra, resultado de uma articula\u00e7\u00e3o junto ao Minist\u00e9rio da Sa\u00fade que custou em torno de 436 mil reais, apenas com a constru\u00e7\u00e3o sem contar com os equipamentos.<\/p>\n<p>A\u00a0secret\u00e1ria de sa\u00fade, Maria Aparecida, ressaltou que a obra j\u00e1 deveria ter sido finalizada anteriormente, mas devido ao processo burocr\u00e1tico somente agora foi poss\u00edvel concluir todas as etapas para entregar \u00e0 comunidade, uma UBS com porte para atendimento e estrutura de qualidade.<\/p>\n","protected":false},"excerpt":{"rendered":"<p>Ser\u00e1 inaugurada, na noite desta sexta-feira, dia 28, \u00e0s 18h, a Unidade B\u00e1sica de Sa\u00fade \u00c2ncora &#8221; Laura Cecilia de Sousa&#8221;, localizada na Vila Cazuza,&hellip; <\/p>\n","protected":false},"author":2,"featured_media":66377,"comment_status":"closed","ping_status":"closed","sticky":false,"template":"","format":"standard","meta":{"sfsi_plus_gutenberg_text_before_share":"","sfsi_plus_gutenberg_show_text_before_share":"","sfsi_plus_gutenberg_icon_type":"","sfsi_plus_gutenberg_icon_alignemt":"","sfsi_plus_gutenburg_max_per_row":"","footnotes":""},"categories":[6],"tags":[],"class_list":["post-66376","post","type-post","status-publish","format-standard","has-post-thumbnail","hentry","category-cidades"],"_links":{"self":[{"href":"https:\/\/www.caririemacao.com\/1\/wp-json\/wp\/v2\/posts\/66376","targetHints":{"allow":["GET"]}}],"collection":[{"href":"https:\/\/www.caririemacao.com\/1\/wp-json\/wp\/v2\/posts"}],"about":[{"href":"https:\/\/www.caririemacao.com\/1\/wp-json\/wp\/v2\/types\/post"}],"author":[{"embeddable":true,"href":"https:\/\/www.caririemacao.com\/1\/wp-json\/wp\/v2\/users\/2"}],"replies":[{"embeddable":true,"href":"https:\/\/www.caririemacao.com\/1\/wp-json\/wp\/v2\/comments?post=66376"}],"version-history":[{"count":1,"href":"https:\/\/www.caririemacao.com\/1\/wp-json\/wp\/v2\/posts\/66376\/revisions"}],"predecessor-version":[{"id":66378,"href":"https:\/\/www.caririemacao.com\/1\/wp-json\/wp\/v2\/posts\/66376\/revisions\/66378"}],"wp:featuredmedia":[{"embeddable":true,"href":"https:\/\/www.caririemacao.com\/1\/wp-json\/wp\/v2\/media\/66377"}],"wp:attachment":[{"href":"https:\/\/www.caririemacao.com\/1\/wp-json\/wp\/v2\/media?parent=66376"}],"wp:term":[{"taxonomy":"category","embeddable":true,"href":"https:\/\/www.caririemacao.com\/1\/wp-json\/wp\/v2\/categories?post=66376"},{"taxonomy":"post_tag","embeddable":true,"href":"https:\/\/www.caririemacao.com\/1\/wp-json\/wp\/v2\/tags?post=66376"}],"curies":[{"name":"wp","href":"https:\/\/api.w.org\/{rel}","templated":true}]}}