{"id":70650,"date":"2018-11-01T19:00:49","date_gmt":"2018-11-01T22:00:49","guid":{"rendered":"http:\/\/www.caririemacao.com\/1\/?p=70650"},"modified":"2018-11-01T19:00:49","modified_gmt":"2018-11-01T22:00:49","slug":"nota-do-pt-cai-a-mascara-de-sergio-moro","status":"publish","type":"post","link":"https:\/\/www.caririemacao.com\/1\/2018\/11\/01\/nota-do-pt-cai-a-mascara-de-sergio-moro\/","title":{"rendered":"Nota do PT: Cai a m\u00e1scara de S\u00e9rgio Moro"},"content":{"rendered":"<p>Ao aceitar o convite para ser ministro da\u00a0Justi\u00e7a\u00a0de<strong>Jair Bolsonaro<\/strong>,<strong>\u00a0S\u00e9rgio Moro<\/strong>\u00a0revelou definitivamente sua\u00a0parcialidade como juiz\u00a0e suas verdadeiras op\u00e7\u00f5es pol\u00edticas. Sua m\u00e1scara caiu.<\/p>\n<p>Moro foi um dos mais destacados agentes do processo pol\u00edtico e eleitoral. Desde o come\u00e7o da\u00a0<strong>Opera\u00e7\u00e3o Lava Jato<\/strong>\u00a0agiu n\u00e3o para combater a\u00a0corrup\u00e7\u00e3o, mas para destruir a esquerda, o Partido dos Trabalhadores e o governo que dirigia o pa\u00eds. Todas as suas a\u00e7\u00f5es foram meticulosamente pensadas para influenciar nesse sentido.<\/p>\n<p>Em 2016 gravou e\u00a0vazou ilegalmente\u00a0conversas privadas da presidenta da Rep\u00fablica; condenou\u00a0Lula, sem provas e por \u201catos indeterminados\u201d; fez malabarismo judicial para descumprir a ordem de soltura do TRF 4; manipulou o calend\u00e1rio do processo para impedir um depoimento de\u00a0Lula, no qual poderia se defender e divulgou uma dela\u00e7\u00e3o mentirosa de\u00a0Antonio Palocci\u00a0\u00e0s v\u00e9speras do primeiro turno.<\/p>\n<p>As decis\u00f5es arbitr\u00e1rias, ilegais e parciais de Sergio Moro levaram o Comit\u00ea de Defesa dos\u00a0Direitos Humanos\u00a0da\u00a0ONU\u00a0a abrir um procedimento formal sobre o processo contra Lula, al\u00e9m de determinar a garantia dos direitos pol\u00edticos de Lula, o que foi desrespeitado pelo Tribunal Superior Eleitoral, em clara desobedi\u00eancia aos tratados internacionais vigentes.<\/p>\n<p>Moro sempre foi um juiz parcial, sempre agiu com inten\u00e7\u00f5es pol\u00edticas, e isso fica evidenciado aos olhos do Brasil e do mundo, quando ele assume um cargo no governo que ajudou a eleger com suas decis\u00f5es contra Lula e a campanha de difama\u00e7\u00e3o do\u00a0PT\u00a0que ele alimentou, em cumplicidade com a maior parte da m\u00eddia.<\/p>\n<p>O juiz que atuou t\u00e3o fortemente contra Lula \u00e9 o mesmo que beneficiou os verdadeiros corruptos da Petrobr\u00e1s e seus agentes, que hoje gozam de liberdade ou pris\u00e3o domiciliar, al\u00e9m dos milh\u00f5es que acumularam, em troca de depoimentos falsos, de claro cunho pol\u00edtico.<\/p>\n<p>Essa nomea\u00e7\u00e3o, cujo convite fora feito antes do primeiro turno, como revela o vice- presidente General Mour\u00e3o, hoje na Folha de S\u00e3o Paulo, \u00e9 mais um sinal de que o futuro governo pretende instalar um estado policial no Brasil.<\/p>\n<p>O PT conclama os democratas, os que defendem a Constitui\u00e7\u00e3o e o estado de direito, a refor\u00e7ar a campanha\u00a0Lula Livre, por meio de um julgamento justo e do respeito \u00e0s conven\u00e7\u00f5es internacionais assumidas soberanamente pelo Brasil, assim como cobra do Conselho Nacional de Justi\u00e7a \u2013 CNJ que paute imediatamente a representa\u00e7\u00e3o contra\u00a0S\u00e9rgio Moro, que se encontra no plen\u00e1rio desde o ano de 2016, pelos desvios de sua fun\u00e7\u00e3o e a parcialidade na sua atua\u00e7\u00e3o.<\/p>\n<p><strong>Comiss\u00e3o Executiva Nacional do PT\u00a0<\/strong><\/p>\n","protected":false},"excerpt":{"rendered":"<p>Ao aceitar o convite para ser ministro da\u00a0Justi\u00e7a\u00a0deJair Bolsonaro,\u00a0S\u00e9rgio Moro\u00a0revelou definitivamente sua\u00a0parcialidade como juiz\u00a0e suas verdadeiras op\u00e7\u00f5es pol\u00edticas. Sua m\u00e1scara caiu. Moro foi um dos&hellip; <\/p>\n","protected":false},"author":1,"featured_media":988,"comment_status":"closed","ping_status":"closed","sticky":false,"template":"","format":"standard","meta":{"sfsi_plus_gutenberg_text_before_share":"","sfsi_plus_gutenberg_show_text_before_share":"","sfsi_plus_gutenberg_icon_type":"","sfsi_plus_gutenberg_icon_alignemt":"","sfsi_plus_gutenburg_max_per_row":"","footnotes":""},"categories":[1],"tags":[],"class_list":["post-70650","post","type-post","status-publish","format-standard","has-post-thumbnail","hentry","category-o-site"],"_links":{"self":[{"href":"https:\/\/www.caririemacao.com\/1\/wp-json\/wp\/v2\/posts\/70650","targetHints":{"allow":["GET"]}}],"collection":[{"href":"https:\/\/www.caririemacao.com\/1\/wp-json\/wp\/v2\/posts"}],"about":[{"href":"https:\/\/www.caririemacao.com\/1\/wp-json\/wp\/v2\/types\/post"}],"author":[{"embeddable":true,"href":"https:\/\/www.caririemacao.com\/1\/wp-json\/wp\/v2\/users\/1"}],"replies":[{"embeddable":true,"href":"https:\/\/www.caririemacao.com\/1\/wp-json\/wp\/v2\/comments?post=70650"}],"version-history":[{"count":1,"href":"https:\/\/www.caririemacao.com\/1\/wp-json\/wp\/v2\/posts\/70650\/revisions"}],"predecessor-version":[{"id":70651,"href":"https:\/\/www.caririemacao.com\/1\/wp-json\/wp\/v2\/posts\/70650\/revisions\/70651"}],"wp:featuredmedia":[{"embeddable":true,"href":"https:\/\/www.caririemacao.com\/1\/wp-json\/wp\/v2\/media\/988"}],"wp:attachment":[{"href":"https:\/\/www.caririemacao.com\/1\/wp-json\/wp\/v2\/media?parent=70650"}],"wp:term":[{"taxonomy":"category","embeddable":true,"href":"https:\/\/www.caririemacao.com\/1\/wp-json\/wp\/v2\/categories?post=70650"},{"taxonomy":"post_tag","embeddable":true,"href":"https:\/\/www.caririemacao.com\/1\/wp-json\/wp\/v2\/tags?post=70650"}],"curies":[{"name":"wp","href":"https:\/\/api.w.org\/{rel}","templated":true}]}}