{"id":70655,"date":"2018-11-01T21:34:49","date_gmt":"2018-11-02T00:34:49","guid":{"rendered":"http:\/\/www.caririemacao.com\/1\/?p=70655"},"modified":"2018-11-01T21:34:49","modified_gmt":"2018-11-02T00:34:49","slug":"reitor-da-uepb-determina-nomeacao-imediata-de-concursados","status":"publish","type":"post","link":"https:\/\/www.caririemacao.com\/1\/2018\/11\/01\/reitor-da-uepb-determina-nomeacao-imediata-de-concursados\/","title":{"rendered":"Reitor da UEPB determina nomea\u00e7\u00e3o imediata de concursados"},"content":{"rendered":"<p class=\"m_8820264382189255274gmail-western\" align=\"justify\">O reitor da Universidade Estadual da Para\u00edba (UEPB), professor Rangel Junior, considerando decis\u00e3o exarada em 12 de setembro no processo 0802360-48.2018.8.15.0001, determinou que a Pr\u00f3-Reitoria de Gest\u00e3o de Pessoas (PROGEP) proceda \u00e0 nomea\u00e7\u00e3o imediata dos candidatos aprovados no concurso p\u00fablico da Institui\u00e7\u00e3o, que estava sub judice, para os quais n\u00e3o subsistam mais pend\u00eancias judiciais. Ao todo, s\u00e3o 75 candidatos aprovados para o cargo de auxiliar administrativo que se encontram nessa situa\u00e7\u00e3o.<\/p>\n<p class=\"m_8820264382189255274gmail-western\" align=\"justify\">A determina\u00e7\u00e3o ser\u00e1 cumprida com urg\u00eancia, uma vez que visa reduzir os danos causados a todos os aprovados e classificados que aguardam, desde a decis\u00e3o judicial, ou seja, h\u00e1 mais de 30 dias, um desfecho da greve dos t\u00e9cnicos para nomea\u00e7\u00e3o e posse. De acordo com a professora C\u00e9lia Regina Diniz, pr\u00f3-reitora de Gest\u00e3o de Pessoas, a partir de segunda-feira (5) ter\u00e3o in\u00edcio todos os tr\u00e2mites legais para os procedimentos de nomea\u00e7\u00e3o e posse desses servidores.<\/p>\n<p align=\"justify\">\n","protected":false},"excerpt":{"rendered":"<p>O reitor da Universidade Estadual da Para\u00edba (UEPB), professor Rangel Junior, considerando decis\u00e3o exarada em 12 de setembro no processo 0802360-48.2018.8.15.0001, determinou que a Pr\u00f3-Reitoria&hellip; <\/p>\n","protected":false},"author":1,"featured_media":56812,"comment_status":"closed","ping_status":"closed","sticky":false,"template":"","format":"standard","meta":{"sfsi_plus_gutenberg_text_before_share":"","sfsi_plus_gutenberg_show_text_before_share":"","sfsi_plus_gutenberg_icon_type":"","sfsi_plus_gutenberg_icon_alignemt":"","sfsi_plus_gutenburg_max_per_row":"","footnotes":""},"categories":[14],"tags":[],"class_list":["post-70655","post","type-post","status-publish","format-standard","has-post-thumbnail","hentry","category-educacao"],"_links":{"self":[{"href":"https:\/\/www.caririemacao.com\/1\/wp-json\/wp\/v2\/posts\/70655","targetHints":{"allow":["GET"]}}],"collection":[{"href":"https:\/\/www.caririemacao.com\/1\/wp-json\/wp\/v2\/posts"}],"about":[{"href":"https:\/\/www.caririemacao.com\/1\/wp-json\/wp\/v2\/types\/post"}],"author":[{"embeddable":true,"href":"https:\/\/www.caririemacao.com\/1\/wp-json\/wp\/v2\/users\/1"}],"replies":[{"embeddable":true,"href":"https:\/\/www.caririemacao.com\/1\/wp-json\/wp\/v2\/comments?post=70655"}],"version-history":[{"count":1,"href":"https:\/\/www.caririemacao.com\/1\/wp-json\/wp\/v2\/posts\/70655\/revisions"}],"predecessor-version":[{"id":70657,"href":"https:\/\/www.caririemacao.com\/1\/wp-json\/wp\/v2\/posts\/70655\/revisions\/70657"}],"wp:featuredmedia":[{"embeddable":true,"href":"https:\/\/www.caririemacao.com\/1\/wp-json\/wp\/v2\/media\/56812"}],"wp:attachment":[{"href":"https:\/\/www.caririemacao.com\/1\/wp-json\/wp\/v2\/media?parent=70655"}],"wp:term":[{"taxonomy":"category","embeddable":true,"href":"https:\/\/www.caririemacao.com\/1\/wp-json\/wp\/v2\/categories?post=70655"},{"taxonomy":"post_tag","embeddable":true,"href":"https:\/\/www.caririemacao.com\/1\/wp-json\/wp\/v2\/tags?post=70655"}],"curies":[{"name":"wp","href":"https:\/\/api.w.org\/{rel}","templated":true}]}}