{"id":70658,"date":"2018-11-01T21:38:10","date_gmt":"2018-11-02T00:38:10","guid":{"rendered":"http:\/\/www.caririemacao.com\/1\/?p=70658"},"modified":"2018-11-01T21:38:10","modified_gmt":"2018-11-02T00:38:10","slug":"forcas-armadas-vao-fazer-parte-da-politica-nacional-diz-bolsonaro","status":"publish","type":"post","link":"https:\/\/www.caririemacao.com\/1\/2018\/11\/01\/forcas-armadas-vao-fazer-parte-da-politica-nacional-diz-bolsonaro\/","title":{"rendered":"For\u00e7as Armadas v\u00e3o fazer parte da pol\u00edtica nacional, diz Bolsonaro"},"content":{"rendered":"<p>O presidente eleito, Jair Bolsonaro, incluiu\u00a0hoje (1\u00ba), pela primeira vez, o Minist\u00e9rio da Defesa entre os tr\u00eas superminst\u00e9rios de seu futuro governo \u2013 os dois outros\u00a0 s\u00e3o o da Justi\u00e7a e o da Economia.\u00a0 \u201cA Defesa \u00e9 um outro superminist\u00e9rio. As For\u00e7as Armadas v\u00e3o sim fazer parte da pol\u00edtica nacional. N\u00e3o v\u00e3o ser relegadas como nos governos de Fernando Henrique e do PT\u201d, anunciou, em entrevista coletiva para emissoras de televis\u00e3o.<\/p>\n<p>Bolsonaro tamb\u00e9m deu outros detalhes sobre a estrutura de seu futuro governo. Disse que o minist\u00e9rios da Agricultura e Meio Ambiente dever\u00e3o mesmo ficar separados, mas avisou que ele escolher\u00e1 os dois ministros. \u201cN\u00e3o v\u00e3o ser as ONGs\u201d, afirmou, referindo-se \u00e0 pasta do Meio Ambiente.\u00a0 Ele se disse \u201cpronto para voltar atr\u00e1s\u201d neste caso porque, primeiramente, relatou, o setor rural defendeu de forma un\u00e2nime a uni\u00e3o dos dois minist\u00e9rios, mas depois se dividiu, por entender que a fus\u00e3o prejudicaria o agroneg\u00f3cio no Exterior \u2013 onde \u00e9 exigido dos exportadores o cumprimento de\u00a0 normas ambientais.<\/p>\n<p>O presidente eleito tamb\u00e9m anunciou que o ensino superior sair\u00e1 do \u00e2mbito do Minist\u00e9rio da Educa\u00e7\u00e3o e passar\u00e1 a ser administrado pelo Minist\u00e9rio da Ci\u00eancia e Tecnologia. \u201cN\u00e3o temos nenhuma das nossas universidades entre as\u00a0 melhores do mundo e o nosso Marcos Pontes vai dar um g\u00e1s especial para essa quest\u00e3o a\u00ed\u201d, afirmou.<\/p>\n<p>Perguntado se investiria mais nas universidades, disse que n\u00e3o. \u201cPelo contr\u00e1rio, n\u00f3s queremos investir mais no ensino b\u00e1sico e m\u00e9dio\u201d. Provavelmente, relatou, o seu\u00a0 governo dever\u00e1\u00a0ter\u00a0at\u00e9 17 minist\u00e9rios \u2013\u00a0hoje\u00a0s\u00e3o 29.<\/p>\n","protected":false},"excerpt":{"rendered":"<p>O presidente eleito, Jair Bolsonaro, incluiu\u00a0hoje (1\u00ba), pela primeira vez, o Minist\u00e9rio da Defesa entre os tr\u00eas superminst\u00e9rios de seu futuro governo \u2013 os dois&hellip; <\/p>\n","protected":false},"author":1,"featured_media":64090,"comment_status":"closed","ping_status":"closed","sticky":false,"template":"","format":"standard","meta":{"sfsi_plus_gutenberg_text_before_share":"","sfsi_plus_gutenberg_show_text_before_share":"","sfsi_plus_gutenberg_icon_type":"","sfsi_plus_gutenberg_icon_alignemt":"","sfsi_plus_gutenburg_max_per_row":"","footnotes":""},"categories":[1],"tags":[],"class_list":["post-70658","post","type-post","status-publish","format-standard","has-post-thumbnail","hentry","category-o-site"],"_links":{"self":[{"href":"https:\/\/www.caririemacao.com\/1\/wp-json\/wp\/v2\/posts\/70658","targetHints":{"allow":["GET"]}}],"collection":[{"href":"https:\/\/www.caririemacao.com\/1\/wp-json\/wp\/v2\/posts"}],"about":[{"href":"https:\/\/www.caririemacao.com\/1\/wp-json\/wp\/v2\/types\/post"}],"author":[{"embeddable":true,"href":"https:\/\/www.caririemacao.com\/1\/wp-json\/wp\/v2\/users\/1"}],"replies":[{"embeddable":true,"href":"https:\/\/www.caririemacao.com\/1\/wp-json\/wp\/v2\/comments?post=70658"}],"version-history":[{"count":1,"href":"https:\/\/www.caririemacao.com\/1\/wp-json\/wp\/v2\/posts\/70658\/revisions"}],"predecessor-version":[{"id":70659,"href":"https:\/\/www.caririemacao.com\/1\/wp-json\/wp\/v2\/posts\/70658\/revisions\/70659"}],"wp:featuredmedia":[{"embeddable":true,"href":"https:\/\/www.caririemacao.com\/1\/wp-json\/wp\/v2\/media\/64090"}],"wp:attachment":[{"href":"https:\/\/www.caririemacao.com\/1\/wp-json\/wp\/v2\/media?parent=70658"}],"wp:term":[{"taxonomy":"category","embeddable":true,"href":"https:\/\/www.caririemacao.com\/1\/wp-json\/wp\/v2\/categories?post=70658"},{"taxonomy":"post_tag","embeddable":true,"href":"https:\/\/www.caririemacao.com\/1\/wp-json\/wp\/v2\/tags?post=70658"}],"curies":[{"name":"wp","href":"https:\/\/api.w.org\/{rel}","templated":true}]}}