{"id":70663,"date":"2018-11-01T22:06:03","date_gmt":"2018-11-02T01:06:03","guid":{"rendered":"http:\/\/www.caririemacao.com\/1\/?p=70663"},"modified":"2018-11-01T22:06:03","modified_gmt":"2018-11-02T01:06:03","slug":"cancer-de-prostata-afastou-350-do-trabalho","status":"publish","type":"post","link":"https:\/\/www.caririemacao.com\/1\/2018\/11\/01\/cancer-de-prostata-afastou-350-do-trabalho\/","title":{"rendered":"C\u00e2ncer de pr\u00f3stata afastou 350 do trabalho"},"content":{"rendered":"<p>Quase 350 homens foram afastados dos postos de trabalho entre 2015 e 2018 na Para\u00edba v\u00edtimas de c\u00e2ncer de pr\u00f3stata, segundo dados do Instituto Nacional do Seguro Social. Em todo Brasil, foram mais de 24 mil homens afastados.<\/p>\n<p>De acordo com o INSS, 59 conseguiram aposentadoria no estado devido a doen\u00e7a, enquanto no Brasil foram 3,7 mil.<\/p>\n<p>A estimativa \u00e9 que 68,2 mil homens, no Brasil inteiro, devem descobrir, este ano, que t\u00eam a doen\u00e7a, segundo o Instituto Nacional do C\u00e2ncer (Inca\/2018). Desses, 1,1 na Para\u00edba, sendo 180 s\u00f3 na Capital.<\/p>\n<p>A procuradora do MPT-PB Andressa Coutinho ressalta que existem quatro situa\u00e7\u00f5es que envolvem direitos trabalhistas de portadores de c\u00e2ncer. \u201cO trabalhador tem direito de fazer o saque do FGTS e do PIS\/Pasep, na fase sintom\u00e1tica da doen\u00e7a. Esse direito tamb\u00e9m vale para algum dependente que esteja com c\u00e2ncer, como filho, pai, m\u00e3e, enteado, por exemplo\u201d, informou.<\/p>\n<p>A procuradora explicou que o segundo direito do portador de c\u00e2ncer \u00e9 o aux\u00edlio-doen\u00e7a, independente se ele fez o pagamento das 12 contribui\u00e7\u00f5es ao INSS e o terceiro a aposentadora por invalidez, no caso de incapacidade permanente para o trabalho. \u201cNesse caso, o trabalhador e seu dependente tamb\u00e9m ter\u00e3o direito, mesmo sem o pagamento das 12 contribui\u00e7\u00f5es \u00e0 Previd\u00eancia. O quarto direito \u00e9 a isen\u00e7\u00e3o de impostos. O trabalhador pode requerer a isen\u00e7\u00e3o total do Imposto de Renda, al\u00e9m de ser isento de pagar IPI, ICMS e IPTU\u201d, afirmou.<\/p>\n<p>\u201cA fun\u00e7\u00e3o do MPT \u00e9 fiscalizar o cumprimento da legisla\u00e7\u00e3o pelas empresas no que diz respeito ao recolhimento das contribui\u00e7\u00f5es previdenci\u00e1rias e ao dep\u00f3sito do FGTS na conta vinculada do trabalhador, para que ele possa usufruir desse direito em caso de adoecimento\u201d, destacou Andressa Coutinho.<\/p>\n<p><strong>MaisPB<\/strong><\/p>\n","protected":false},"excerpt":{"rendered":"<p>Quase 350 homens foram afastados dos postos de trabalho entre 2015 e 2018 na Para\u00edba v\u00edtimas de c\u00e2ncer de pr\u00f3stata, segundo dados do Instituto Nacional&hellip; <\/p>\n","protected":false},"author":1,"featured_media":31965,"comment_status":"closed","ping_status":"closed","sticky":false,"template":"","format":"standard","meta":{"sfsi_plus_gutenberg_text_before_share":"","sfsi_plus_gutenberg_show_text_before_share":"","sfsi_plus_gutenberg_icon_type":"","sfsi_plus_gutenberg_icon_alignemt":"","sfsi_plus_gutenburg_max_per_row":"","footnotes":""},"categories":[2],"tags":[],"class_list":["post-70663","post","type-post","status-publish","format-standard","has-post-thumbnail","hentry","category-geral"],"_links":{"self":[{"href":"https:\/\/www.caririemacao.com\/1\/wp-json\/wp\/v2\/posts\/70663","targetHints":{"allow":["GET"]}}],"collection":[{"href":"https:\/\/www.caririemacao.com\/1\/wp-json\/wp\/v2\/posts"}],"about":[{"href":"https:\/\/www.caririemacao.com\/1\/wp-json\/wp\/v2\/types\/post"}],"author":[{"embeddable":true,"href":"https:\/\/www.caririemacao.com\/1\/wp-json\/wp\/v2\/users\/1"}],"replies":[{"embeddable":true,"href":"https:\/\/www.caririemacao.com\/1\/wp-json\/wp\/v2\/comments?post=70663"}],"version-history":[{"count":1,"href":"https:\/\/www.caririemacao.com\/1\/wp-json\/wp\/v2\/posts\/70663\/revisions"}],"predecessor-version":[{"id":70664,"href":"https:\/\/www.caririemacao.com\/1\/wp-json\/wp\/v2\/posts\/70663\/revisions\/70664"}],"wp:featuredmedia":[{"embeddable":true,"href":"https:\/\/www.caririemacao.com\/1\/wp-json\/wp\/v2\/media\/31965"}],"wp:attachment":[{"href":"https:\/\/www.caririemacao.com\/1\/wp-json\/wp\/v2\/media?parent=70663"}],"wp:term":[{"taxonomy":"category","embeddable":true,"href":"https:\/\/www.caririemacao.com\/1\/wp-json\/wp\/v2\/categories?post=70663"},{"taxonomy":"post_tag","embeddable":true,"href":"https:\/\/www.caririemacao.com\/1\/wp-json\/wp\/v2\/tags?post=70663"}],"curies":[{"name":"wp","href":"https:\/\/api.w.org\/{rel}","templated":true}]}}