{"id":70672,"date":"2018-11-02T06:21:40","date_gmt":"2018-11-02T09:21:40","guid":{"rendered":"http:\/\/www.caririemacao.com\/1\/?p=70672"},"modified":"2018-11-02T06:23:10","modified_gmt":"2018-11-02T09:23:10","slug":"educacao-de-sume-cria-projeto-para-ajudar-alunos-com-dificuldades-na-leitura-e-escrita","status":"publish","type":"post","link":"https:\/\/www.caririemacao.com\/1\/2018\/11\/02\/educacao-de-sume-cria-projeto-para-ajudar-alunos-com-dificuldades-na-leitura-e-escrita\/","title":{"rendered":"Educa\u00e7\u00e3o de Sum\u00e9 cria projeto para ajudar alunos com dificuldades na leitura e escrita"},"content":{"rendered":"<p><img decoding=\"async\" class=\"size-medium wp-image-26219 alignleft lazyload\" data-src=\"http:\/\/www.vitrinedocariri.com.br\/wp-content\/uploads\/2018\/11\/sum%C3%A9-300x149.jpg\" alt=\"\" width=\"300\" height=\"149\" src=\"data:image\/svg+xml;base64,PHN2ZyB3aWR0aD0iMSIgaGVpZ2h0PSIxIiB4bWxucz0iaHR0cDovL3d3dy53My5vcmcvMjAwMC9zdmciPjwvc3ZnPg==\" style=\"--smush-placeholder-width: 300px; --smush-placeholder-aspect-ratio: 300\/149;\" \/>A Secretaria de Educa\u00e7\u00e3o de Sum\u00e9 criou um projeto pedag\u00f3gico denominado ALFALETRA, cujo objetivo \u00e9 consolidar a alfabetiza\u00e7\u00e3o e o letramento entre estudantes da rede municipal de ensino. A meta do programa \u00e9 ajudar alunos do 1\u00b0 \u00a0ao 5\u00b0 ano, das Escolas Maria Leite Rafael e Z\u00e9lia Braz, que tenham dificuldades de leitura e produ\u00e7\u00e3o textual<\/p>\n<p>O projeto conta com professores alfabetizadores da rede municipal de ensino. Eles acompanham a evolu\u00e7\u00e3o da turma no que se refere ao desempenho da alfabetiza\u00e7\u00e3o e leitura, atuando como facilitadores do conhecimento entre as dezenas de alunos com essa problem\u00e1tica. Quinzenalmente, uma equipe pedag\u00f3gica do munic\u00edpio se re\u00fane com participantes do projeto para analisar os resultados obtidos.<\/p>\n<p>\u201cMuitos desses alunos t\u00eam sede de aprender, s\u00f3 que eles precisam de uma aten\u00e7\u00e3o individual que muitas vezes, apenas um professor em sala de aula n\u00e3o d\u00e1 conta e o Alfaletra veio com o objetivo de suprir essa demanda\u201d, disse a coordenadora pedag\u00f3gica do munic\u00edpio, Aparecida Gomes.<\/p>\n<p>O projeto agrupa os alunos conforme o n\u00edvel de conhecimento de cada um. Eles ser\u00e3o atendidos, por cerca de uma hora e meia, todos os dias, no mesmo turno escolar.<\/p>\n<p>O prefeito \u00c9den Duarte e o secret\u00e1rio Odilon Ara\u00fajo n\u00e3o mediram esfor\u00e7os para a concretiza\u00e7\u00e3o do programa. \u00a0A ideia da coordena\u00e7\u00e3o era inici\u00e1-lo s\u00f3 no ano que vem, mas o prefeito determinou o seu in\u00edcio imediato.<\/p>\n<p>Em 2019, a Secretaria de Educa\u00e7\u00e3o de Sum\u00e9 pretende estender o Alfaletra \u00a0para os alunos do 6\u00b0\u00a0 ano, do ensino fundamental II, que tenham os mesmos problemas de aprendizado.<\/p>\n<p>&nbsp;<\/p>\n<p>Ascom\/Sum\u00e9<\/p>\n","protected":false},"excerpt":{"rendered":"<p>A Secretaria de Educa\u00e7\u00e3o de Sum\u00e9 criou um projeto pedag\u00f3gico denominado ALFALETRA, cujo objetivo \u00e9 consolidar a alfabetiza\u00e7\u00e3o e o letramento entre estudantes da rede&hellip; <\/p>\n","protected":false},"author":1,"featured_media":70674,"comment_status":"closed","ping_status":"closed","sticky":false,"template":"","format":"standard","meta":{"sfsi_plus_gutenberg_text_before_share":"","sfsi_plus_gutenberg_show_text_before_share":"","sfsi_plus_gutenberg_icon_type":"","sfsi_plus_gutenberg_icon_alignemt":"","sfsi_plus_gutenburg_max_per_row":"","footnotes":""},"categories":[14],"tags":[],"class_list":["post-70672","post","type-post","status-publish","format-standard","has-post-thumbnail","hentry","category-educacao"],"_links":{"self":[{"href":"https:\/\/www.caririemacao.com\/1\/wp-json\/wp\/v2\/posts\/70672","targetHints":{"allow":["GET"]}}],"collection":[{"href":"https:\/\/www.caririemacao.com\/1\/wp-json\/wp\/v2\/posts"}],"about":[{"href":"https:\/\/www.caririemacao.com\/1\/wp-json\/wp\/v2\/types\/post"}],"author":[{"embeddable":true,"href":"https:\/\/www.caririemacao.com\/1\/wp-json\/wp\/v2\/users\/1"}],"replies":[{"embeddable":true,"href":"https:\/\/www.caririemacao.com\/1\/wp-json\/wp\/v2\/comments?post=70672"}],"version-history":[{"count":1,"href":"https:\/\/www.caririemacao.com\/1\/wp-json\/wp\/v2\/posts\/70672\/revisions"}],"predecessor-version":[{"id":70673,"href":"https:\/\/www.caririemacao.com\/1\/wp-json\/wp\/v2\/posts\/70672\/revisions\/70673"}],"wp:featuredmedia":[{"embeddable":true,"href":"https:\/\/www.caririemacao.com\/1\/wp-json\/wp\/v2\/media\/70674"}],"wp:attachment":[{"href":"https:\/\/www.caririemacao.com\/1\/wp-json\/wp\/v2\/media?parent=70672"}],"wp:term":[{"taxonomy":"category","embeddable":true,"href":"https:\/\/www.caririemacao.com\/1\/wp-json\/wp\/v2\/categories?post=70672"},{"taxonomy":"post_tag","embeddable":true,"href":"https:\/\/www.caririemacao.com\/1\/wp-json\/wp\/v2\/tags?post=70672"}],"curies":[{"name":"wp","href":"https:\/\/api.w.org\/{rel}","templated":true}]}}