{"id":70675,"date":"2018-11-02T06:26:51","date_gmt":"2018-11-02T09:26:51","guid":{"rendered":"http:\/\/www.caririemacao.com\/1\/?p=70675"},"modified":"2018-11-02T06:26:51","modified_gmt":"2018-11-02T09:26:51","slug":"israel-celebra-transferencia-da-embaixada-do-brasil-para-jerusalem","status":"publish","type":"post","link":"https:\/\/www.caririemacao.com\/1\/2018\/11\/02\/israel-celebra-transferencia-da-embaixada-do-brasil-para-jerusalem\/","title":{"rendered":"Israel celebra transfer\u00eancia da embaixada do Brasil para Jerusal\u00e9m"},"content":{"rendered":"<div class=\"elementor-element elementor-element-60331edd elementor-widget elementor-widget-theme-post-featured-image elementor-widget-image\" data-id=\"60331edd\" data-element_type=\"theme-post-featured-image.default\">\n<div class=\"elementor-widget-container\">\n<div class=\"elementor-image\">O primeiro-ministro de Israel, Benjamin Netanyahu, comemorou nesta quinta-feira (1\u00ba) o an\u00fancio feito pelo presidente eleito do Brasil, Jair Bolsonaro, de que pretende transferir a embaixada do pa\u00eds de Tel Aviv para Jerusal\u00e9m.<\/div>\n<\/div>\n<\/div>\n<div class=\"elementor-element elementor-element-163cd8e8 elementor-widget elementor-widget-theme-post-content\" data-id=\"163cd8e8\" data-element_type=\"theme-post-content.default\">\n<div class=\"elementor-widget-container\">\n<p>Esta transfer\u00eancia j\u00e1 foi feita pelos\u00a0<strong>Estados Unidos<\/strong>,\u00a0<strong>Guatemala<\/strong>\u00a0e\u00a0<strong>Paraguai<\/strong>\u00a0\u2013 embora este \u00faltimo j\u00e1 tenha voltado atr\u00e1s.<\/p>\n<p>Em mensagem divulgada por seu porta-voz, Benjamin Netanyahu declarou:<\/p>\n<blockquote><p>Parabenizo meu amigo, o presidente brasileiro eleito, Jair Bolsonaro, pela inten\u00e7\u00e3o de transferir a embaixada para Jerusal\u00e9m. \u00c9 um passo hist\u00f3rico, correto e emocionante.<\/p><\/blockquote>\n<p>Bolsonaro anunciou no Twitter, em entrevista ao jornal conservador \u201cIsrael Hayom\u201d e depois em entrevista coletiva que manter\u00e1 a promessa de campanha de mudar o local da embaixada, alegando que Israel \u201c\u00e9 um Estado soberano\u201d.<\/p>\n<div class=\"SandboxRoot env-bp-350\" data-twitter-event-id=\"0\">\n<div id=\"twitter-widget-0\" class=\"EmbeddedTweet js-clickToOpenTarget tweet-InformationCircle-widgetParent\" lang=\"pt\" data-click-to-open-target=\"https:\/\/twitter.com\/jairbolsonaro\/status\/1058079511395401728\" data-iframe-title=\"Tweet do Twitter\" data-scribe=\"page:tweet\" data-twitter-event-id=\"1\">\n<div class=\"EmbeddedTweet-tweetContainer\">\n<div class=\"EmbeddedTweet-tweet\"><\/div>\n<\/div>\n<\/div>\n<div class=\"resize-sensor\">\n<div class=\"resize-sensor-expand\">\n<div>Ap\u00f3s a vit\u00f3ria de\u00a0<strong>Jair Bolsonaro<\/strong>\u00a0nas elei\u00e7\u00f5es do \u00faltimo domingo (28), Netanyahu j\u00e1 o havia parabenizado por telefone, na segunda-feira, e o convidado a visitar\u00a0<strong>Israel<\/strong>.<\/div>\n<\/div>\n<\/div>\n<\/div>\n<p>Caso se sacramente a troca da embaixada de cidade, a decis\u00e3o marcaria uma ruptura em rela\u00e7\u00e3o \u00e0 tradi\u00e7\u00e3o diplom\u00e1tica neutra mantida durante muitos anos pelo Brasil em rela\u00e7\u00e3o ao conflito entre Israel e a Palestina.<\/p>\n<p>O pa\u00eds tem rela\u00e7\u00f5es diplom\u00e1ticas com Israel desde 1949 e, em 2010, reconheceu o Estado Palestino com as fronteiras de 1967.<\/p>\n<\/div>\n<\/div>\n","protected":false},"excerpt":{"rendered":"<p>O primeiro-ministro de Israel, Benjamin Netanyahu, comemorou nesta quinta-feira (1\u00ba) o an\u00fancio feito pelo presidente eleito do Brasil, Jair Bolsonaro, de que pretende transferir a&hellip; <\/p>\n","protected":false},"author":1,"featured_media":70676,"comment_status":"closed","ping_status":"closed","sticky":false,"template":"","format":"standard","meta":{"sfsi_plus_gutenberg_text_before_share":"","sfsi_plus_gutenberg_show_text_before_share":"","sfsi_plus_gutenberg_icon_type":"","sfsi_plus_gutenberg_icon_alignemt":"","sfsi_plus_gutenburg_max_per_row":"","footnotes":""},"categories":[11],"tags":[],"class_list":["post-70675","post","type-post","status-publish","format-standard","has-post-thumbnail","hentry","category-politica"],"_links":{"self":[{"href":"https:\/\/www.caririemacao.com\/1\/wp-json\/wp\/v2\/posts\/70675","targetHints":{"allow":["GET"]}}],"collection":[{"href":"https:\/\/www.caririemacao.com\/1\/wp-json\/wp\/v2\/posts"}],"about":[{"href":"https:\/\/www.caririemacao.com\/1\/wp-json\/wp\/v2\/types\/post"}],"author":[{"embeddable":true,"href":"https:\/\/www.caririemacao.com\/1\/wp-json\/wp\/v2\/users\/1"}],"replies":[{"embeddable":true,"href":"https:\/\/www.caririemacao.com\/1\/wp-json\/wp\/v2\/comments?post=70675"}],"version-history":[{"count":1,"href":"https:\/\/www.caririemacao.com\/1\/wp-json\/wp\/v2\/posts\/70675\/revisions"}],"predecessor-version":[{"id":70677,"href":"https:\/\/www.caririemacao.com\/1\/wp-json\/wp\/v2\/posts\/70675\/revisions\/70677"}],"wp:featuredmedia":[{"embeddable":true,"href":"https:\/\/www.caririemacao.com\/1\/wp-json\/wp\/v2\/media\/70676"}],"wp:attachment":[{"href":"https:\/\/www.caririemacao.com\/1\/wp-json\/wp\/v2\/media?parent=70675"}],"wp:term":[{"taxonomy":"category","embeddable":true,"href":"https:\/\/www.caririemacao.com\/1\/wp-json\/wp\/v2\/categories?post=70675"},{"taxonomy":"post_tag","embeddable":true,"href":"https:\/\/www.caririemacao.com\/1\/wp-json\/wp\/v2\/tags?post=70675"}],"curies":[{"name":"wp","href":"https:\/\/api.w.org\/{rel}","templated":true}]}}