{"id":70678,"date":"2018-11-02T06:31:08","date_gmt":"2018-11-02T09:31:08","guid":{"rendered":"http:\/\/www.caririemacao.com\/1\/?p=70678"},"modified":"2018-11-02T06:31:08","modified_gmt":"2018-11-02T09:31:08","slug":"ex-vereador-avalia-oposicao-em-campina-grande-fragil","status":"publish","type":"post","link":"https:\/\/www.caririemacao.com\/1\/2018\/11\/02\/ex-vereador-avalia-oposicao-em-campina-grande-fragil\/","title":{"rendered":"Ex-vereador avalia oposi\u00e7\u00e3o em Campina Grande: \u201cFr\u00e1gil\u201d"},"content":{"rendered":"<p>O diretor de comunica\u00e7\u00e3o do Sintab em Campina Grande, Napole\u00e3o Maracaj\u00e1 (REDE), avaliou a oposi\u00e7\u00e3o na cidade, ao grupo do prefeito Romero Rodrigues (PSDB), afirmando que o \u201ccampo progressista no munic\u00edpio \u00e9 fr\u00e1gil\u201d.<\/p>\n<p>\u2013 O campo progressista em Campina Grande \u00e9 fr\u00e1gil e cometeu erros e alian\u00e7as suicidas, e n\u00e3o consegue se unir na cidade. Ele \u00e9 individualista e n\u00e3o tem a capacidade de se unir, pois eu nunca vi um momento em que o campo progressista em Campina Grande estivesse unido como um todo. Eu n\u00e3o acho que existe o \u201ccentro\u201d, acho que existe direita e esquerda, e quando algu\u00e9m diz que \u00e9 \u2018centro\u2019 \u00e9 porque \u00e9 de direita, mas n\u00e3o quer se assumir \u2013 ponderou.<\/p>\n<p>Napole\u00e3o opinou que se a oposi\u00e7\u00e3o em Campina Grande tiver organiza\u00e7\u00e3o e escolher o melhor nome pode vencer as elei\u00e7\u00f5es para prefeito em 2020.<\/p>\n<p>\u2013 N\u00e3o precisa s\u00f3 discutir um nome, mas tem que ser formada uma frente, um projeto, e n\u00e3o pode deixar essa discuss\u00e3o para \u00faltima hora. Se n\u00e3o fizer isso, com muita sabedoria, de discutir Campina Grande com a popula\u00e7\u00e3o, pode ser um fiasco como em 2016. E olha que os instrumentos s\u00e3o outros, pois voc\u00ea tem pelo menos tr\u00eas candidaturas no lado governista, extremamente fragilizado. Ent\u00e3o temos que ter um bom nome \u2013 pontuo<\/p>\n<p>&nbsp;<\/p>\n<p>R\u00e1dio Correio FM<\/p>\n","protected":false},"excerpt":{"rendered":"<p>O diretor de comunica\u00e7\u00e3o do Sintab em Campina Grande, Napole\u00e3o Maracaj\u00e1 (REDE), avaliou a oposi\u00e7\u00e3o na cidade, ao grupo do prefeito Romero Rodrigues (PSDB), afirmando&hellip; <\/p>\n","protected":false},"author":1,"featured_media":70679,"comment_status":"closed","ping_status":"closed","sticky":false,"template":"","format":"standard","meta":{"sfsi_plus_gutenberg_text_before_share":"","sfsi_plus_gutenberg_show_text_before_share":"","sfsi_plus_gutenberg_icon_type":"","sfsi_plus_gutenberg_icon_alignemt":"","sfsi_plus_gutenburg_max_per_row":"","footnotes":""},"categories":[11],"tags":[],"class_list":["post-70678","post","type-post","status-publish","format-standard","has-post-thumbnail","hentry","category-politica"],"_links":{"self":[{"href":"https:\/\/www.caririemacao.com\/1\/wp-json\/wp\/v2\/posts\/70678","targetHints":{"allow":["GET"]}}],"collection":[{"href":"https:\/\/www.caririemacao.com\/1\/wp-json\/wp\/v2\/posts"}],"about":[{"href":"https:\/\/www.caririemacao.com\/1\/wp-json\/wp\/v2\/types\/post"}],"author":[{"embeddable":true,"href":"https:\/\/www.caririemacao.com\/1\/wp-json\/wp\/v2\/users\/1"}],"replies":[{"embeddable":true,"href":"https:\/\/www.caririemacao.com\/1\/wp-json\/wp\/v2\/comments?post=70678"}],"version-history":[{"count":1,"href":"https:\/\/www.caririemacao.com\/1\/wp-json\/wp\/v2\/posts\/70678\/revisions"}],"predecessor-version":[{"id":70680,"href":"https:\/\/www.caririemacao.com\/1\/wp-json\/wp\/v2\/posts\/70678\/revisions\/70680"}],"wp:featuredmedia":[{"embeddable":true,"href":"https:\/\/www.caririemacao.com\/1\/wp-json\/wp\/v2\/media\/70679"}],"wp:attachment":[{"href":"https:\/\/www.caririemacao.com\/1\/wp-json\/wp\/v2\/media?parent=70678"}],"wp:term":[{"taxonomy":"category","embeddable":true,"href":"https:\/\/www.caririemacao.com\/1\/wp-json\/wp\/v2\/categories?post=70678"},{"taxonomy":"post_tag","embeddable":true,"href":"https:\/\/www.caririemacao.com\/1\/wp-json\/wp\/v2\/tags?post=70678"}],"curies":[{"name":"wp","href":"https:\/\/api.w.org\/{rel}","templated":true}]}}