{"id":70681,"date":"2018-11-02T06:35:20","date_gmt":"2018-11-02T09:35:20","guid":{"rendered":"http:\/\/www.caririemacao.com\/1\/?p=70681"},"modified":"2018-11-02T06:35:20","modified_gmt":"2018-11-02T09:35:20","slug":"hemocentro-divulga-calendario-das-doacoes-externas-de-sangue-para-o-mes-de-novembro","status":"publish","type":"post","link":"https:\/\/www.caririemacao.com\/1\/2018\/11\/02\/hemocentro-divulga-calendario-das-doacoes-externas-de-sangue-para-o-mes-de-novembro\/","title":{"rendered":"Hemocentro divulga calend\u00e1rio das doa\u00e7\u00f5es externas de sangue para o m\u00eas de novembro"},"content":{"rendered":"<div class=\"noticiacorpo\">\n<p>O Hemocentro da Para\u00edba programou para o m\u00eas de novembro a realiza\u00e7\u00e3o de tr\u00eas coletas externas. As a\u00e7\u00f5es ser\u00e3o nos dias 6, 22 e 24, respectivamente, nas cidades de Santa Rita, Itabaiana e Jo\u00e3o Pessoa.<\/p>\n<p>O primeiro parceiro a receber a equipe do Hemocentro ser\u00e1 o Hospital Metropolitano Dom Jos\u00e9 Maria Pires, em Santa Rita. Na unidade hospitalar, a coleta ser\u00e1 no dia 6, das 8h \u00e0s 16h. \u00c9 aguardada a participa\u00e7\u00e3o de colaboradores, familiares e usu\u00e1rios do servi\u00e7o.<\/p>\n<p>J\u00e1 no dia 22, em Itabaiana, a a\u00e7\u00e3o ser\u00e1 na Escola Polit\u00e9cnica de Sa\u00fade Cristo Rei, das 9h \u00e0s 15h30. A institui\u00e7\u00e3o localizada na rua C\u00f4nego Tranquilino, n\u00ba 121, Centro, est\u00e1 convidando a comunidade acad\u00eamica e a popula\u00e7\u00e3o do munic\u00edpio para participar da campanha de doa\u00e7\u00e3o de sangue.<\/p>\n<p>Em Jo\u00e3o Pessoa, no dia 24, a coleta ser\u00e1 no Centro Esp\u00edrita Vianna de Carvalho, que fica na Rua Professor Joaquim Santiago, n\u00ba 70, bairro dos Expedicion\u00e1rios, das 8h \u00e0s 16h. A campanha chamada \u2018Amigo Doador\u2019 \u00e9 uma parceria entre o Centro Esp\u00edrita e a ONG Doe Sangue PB e conta com o apoio do Hemocentro.<\/p>\n<p>Segundo a coordenadora do N\u00facleo de A\u00e7\u00f5es Estrat\u00e9gicas do Hemocentro, Elaine Santana, as campanhas externas s\u00e3o estrat\u00e9gias que o Hemocentro utiliza na busca de incentivar a doa\u00e7\u00e3o regular. Al\u00e9m da aprova\u00e7\u00e3o do local da coleta, \u00e9 necess\u00e1rio ter tempo h\u00e1bil para a sua organiza\u00e7\u00e3o e divulga\u00e7\u00e3o para que as coletas contribuam para a manuten\u00e7\u00e3o dos estoques sangu\u00edneos. A equipe t\u00e9cnica da coleta externa \u00e9 composta por m\u00e9dico, enfermeiro, assistente social, administrativo e motorista.<\/p>\n<p>As atividades podem ser agendadas com o setor de Capta\u00e7\u00e3o de Doadores da institui\u00e7\u00e3o, pelo telefone (83) 3218-7698. Al\u00e9m do calend\u00e1rio de coletas externas, o Hemocentro promove o servi\u00e7o de Caravana Solid\u00e1ria e palestras educativas sobre a import\u00e2ncia da doa\u00e7\u00e3o de sangue.<\/p>\n<p>Duas institui\u00e7\u00f5es de ensino superior j\u00e1 confirmaram a vinda de doadores em caravanas: a Unip\u00ea, no dia 14, e a Faculdade Potiguar da Para\u00edba (FPB), no dia 19.<\/p>\n<p><strong>CONFIRA O CALEND\u00c0RIO DE COLETAS EXTERNAS<\/strong><\/p>\n<table border=\"1\">\n<tbody>\n<tr>\n<td width=\"73\">Data<\/td>\n<td width=\"113\">Hor\u00e1rio<\/td>\n<td width=\"389\">Local<\/td>\n<\/tr>\n<tr>\n<td width=\"73\">06\/11<\/td>\n<td width=\"113\">8h \u00e0s 16h<\/td>\n<td width=\"389\">Hospital Metropolitano Dom Jos\u00e9 Maria Pires,<\/p>\n<p>em Santa Rita<\/td>\n<\/tr>\n<tr>\n<td width=\"73\">22\/11<\/td>\n<td width=\"113\">9h \u00e0s 15h30<\/td>\n<td width=\"389\">Escola Polit\u00e9cnica de Sa\u00fade Cristo Rei<\/p>\n<p>Rua: C\u00f4nego Tranquilino, 121, Itabaiana<\/td>\n<\/tr>\n<tr>\n<td width=\"73\">24\/11<\/td>\n<td width=\"113\">8h \u00e0s 16h<\/td>\n<td width=\"389\">Centro Esp\u00edrita Vianna de Carvalho<\/p>\n<p>Rua: Professor Joaquim Santiago, 70, Expedicion\u00e1rio, Jo\u00e3o Pessoa<\/td>\n<\/tr>\n<\/tbody>\n<\/table>\n<p>Os requisitos para doa\u00e7\u00e3o de sangue s\u00e3o:<\/p>\n<ul>\n<li>Estar em boas condi\u00e7\u00f5es de sa\u00fade<\/li>\n<li>Ter entre 16 e 69 anos. Pessoas acima de 60 anos s\u00f3 podem doar se j\u00e1 tiverem doado sangue alguma vez antes dessa idade; quem tem menos de 18 deve estar acompanhado de um dos respons\u00e1veis legais (pai ou m\u00e3e)<\/li>\n<li>Pesar no m\u00ednimo 50kg<\/li>\n<li>Estar descansado (ter dormido pelo menos 6 horas nas \u00faltimas 24 horas)<\/li>\n<li>Estar alimentado, por isso evite alimentos gordurosos e ap\u00f3s o almo\u00e7o aguarde 2 horas para doar<\/li>\n<li>Apresentar documento original com foto, que permita o reconhecimento do candidato, emitido por \u00f3rg\u00e3o oficial (Carteira de Identidade, Cart\u00e3o de Identidade de Profissional Liberal, Carteira de Trabalho e Previd\u00eancia Social).<\/li>\n<\/ul>\n<\/div>\n<p class=\"noticia_fonte\">Secom-PB<\/p>\n","protected":false},"excerpt":{"rendered":"<p>O Hemocentro da Para\u00edba programou para o m\u00eas de novembro a realiza\u00e7\u00e3o de tr\u00eas coletas externas. As a\u00e7\u00f5es ser\u00e3o nos dias 6, 22 e 24,&hellip; <\/p>\n","protected":false},"author":1,"featured_media":70682,"comment_status":"closed","ping_status":"closed","sticky":false,"template":"","format":"standard","meta":{"sfsi_plus_gutenberg_text_before_share":"","sfsi_plus_gutenberg_show_text_before_share":"","sfsi_plus_gutenberg_icon_type":"","sfsi_plus_gutenberg_icon_alignemt":"","sfsi_plus_gutenburg_max_per_row":"","footnotes":""},"categories":[16],"tags":[],"class_list":["post-70681","post","type-post","status-publish","format-standard","has-post-thumbnail","hentry","category-saude"],"_links":{"self":[{"href":"https:\/\/www.caririemacao.com\/1\/wp-json\/wp\/v2\/posts\/70681","targetHints":{"allow":["GET"]}}],"collection":[{"href":"https:\/\/www.caririemacao.com\/1\/wp-json\/wp\/v2\/posts"}],"about":[{"href":"https:\/\/www.caririemacao.com\/1\/wp-json\/wp\/v2\/types\/post"}],"author":[{"embeddable":true,"href":"https:\/\/www.caririemacao.com\/1\/wp-json\/wp\/v2\/users\/1"}],"replies":[{"embeddable":true,"href":"https:\/\/www.caririemacao.com\/1\/wp-json\/wp\/v2\/comments?post=70681"}],"version-history":[{"count":1,"href":"https:\/\/www.caririemacao.com\/1\/wp-json\/wp\/v2\/posts\/70681\/revisions"}],"predecessor-version":[{"id":70683,"href":"https:\/\/www.caririemacao.com\/1\/wp-json\/wp\/v2\/posts\/70681\/revisions\/70683"}],"wp:featuredmedia":[{"embeddable":true,"href":"https:\/\/www.caririemacao.com\/1\/wp-json\/wp\/v2\/media\/70682"}],"wp:attachment":[{"href":"https:\/\/www.caririemacao.com\/1\/wp-json\/wp\/v2\/media?parent=70681"}],"wp:term":[{"taxonomy":"category","embeddable":true,"href":"https:\/\/www.caririemacao.com\/1\/wp-json\/wp\/v2\/categories?post=70681"},{"taxonomy":"post_tag","embeddable":true,"href":"https:\/\/www.caririemacao.com\/1\/wp-json\/wp\/v2\/tags?post=70681"}],"curies":[{"name":"wp","href":"https:\/\/api.w.org\/{rel}","templated":true}]}}