{"id":70687,"date":"2018-11-02T06:41:44","date_gmt":"2018-11-02T09:41:44","guid":{"rendered":"http:\/\/www.caririemacao.com\/1\/?p=70687"},"modified":"2018-11-02T06:41:44","modified_gmt":"2018-11-02T09:41:44","slug":"joao-azevedo-anunciara-secretarios-ate-o-fim-do-mes-e-reunira-bancada-para-discutir-eleicao-na-alpb","status":"publish","type":"post","link":"https:\/\/www.caririemacao.com\/1\/2018\/11\/02\/joao-azevedo-anunciara-secretarios-ate-o-fim-do-mes-e-reunira-bancada-para-discutir-eleicao-na-alpb\/","title":{"rendered":"Jo\u00e3o Azev\u00eado anunciar\u00e1 secret\u00e1rios at\u00e9 o fim do m\u00eas e reunir\u00e1 bancada para discutir elei\u00e7\u00e3o na ALPB"},"content":{"rendered":"<p>O governador eleito da Para\u00edba, Jo\u00e3o Azev\u00eado (PSB), anunciou que ir\u00e1 se reunir com a bancada governista para tratar da elei\u00e7\u00e3o da Mesa Diretora da Assembleia Legislativa da Para\u00edba (ALPB). Com pelo menos 22 deputados da base, Jo\u00e3o acredita que a elei\u00e7\u00e3o da Mesa \u00e9 de interesse direto do Executivo para a manuten\u00e7\u00e3o da estabilidade para o seu governo.<\/p>\n<p>\u201cEles precisam conversar entre seus pares e, depois, o governo vai entrar na discuss\u00e3o. Claro que temos interesse, claro que queremos manter a estabilidade que um governo precisa. N\u00f3s vamos sentar principalmente porque temos 22 [deputados] e podemos fazer a Mesa\u201d, afirmou.<\/p>\n<p>Entretanto, Jo\u00e3o lembrou que a elei\u00e7\u00e3o \u00e9 apenas em janeiro e n\u00e3o faz sentido tanta pressa. \u201cO governo vai ter uma posi\u00e7\u00e3o logo, logo. S\u00f3 que \u00e9 uma elei\u00e7\u00e3o em janeiro, n\u00e3o sei o porqu\u00ea dessa antecipa\u00e7\u00e3o para agora. Eu n\u00e3o sei pra qu\u00ea essa ansiedade toda. S\u00f3 em primeiro de fevereiro os novos deputados, a nova Assembleia assumir\u00e1\u201d, ponderou.<\/p>\n<p>O governador eleito garantiu, ainda, que o novo secretariado deve come\u00e7ar a ser anunciado no fim de novembro. Ele lembrou que mudan\u00e7as ser\u00e3o feitas sem \u201csobressaltos\u201d. Algumas pastas precisam de novos comandos e alguns secret\u00e1rios t\u00eam projetos pessoais, mas boa parte do secretariado deve ser mantido com rela\u00e7\u00e3o ao governo de Ricardo Coutinho (PSB).<\/p>\n","protected":false},"excerpt":{"rendered":"<p>O governador eleito da Para\u00edba, Jo\u00e3o Azev\u00eado (PSB), anunciou que ir\u00e1 se reunir com a bancada governista para tratar da elei\u00e7\u00e3o da Mesa Diretora da&hellip; <\/p>\n","protected":false},"author":1,"featured_media":70692,"comment_status":"closed","ping_status":"closed","sticky":false,"template":"","format":"standard","meta":{"sfsi_plus_gutenberg_text_before_share":"","sfsi_plus_gutenberg_show_text_before_share":"","sfsi_plus_gutenberg_icon_type":"","sfsi_plus_gutenberg_icon_alignemt":"","sfsi_plus_gutenburg_max_per_row":"","footnotes":""},"categories":[1],"tags":[],"class_list":["post-70687","post","type-post","status-publish","format-standard","has-post-thumbnail","hentry","category-o-site"],"_links":{"self":[{"href":"https:\/\/www.caririemacao.com\/1\/wp-json\/wp\/v2\/posts\/70687","targetHints":{"allow":["GET"]}}],"collection":[{"href":"https:\/\/www.caririemacao.com\/1\/wp-json\/wp\/v2\/posts"}],"about":[{"href":"https:\/\/www.caririemacao.com\/1\/wp-json\/wp\/v2\/types\/post"}],"author":[{"embeddable":true,"href":"https:\/\/www.caririemacao.com\/1\/wp-json\/wp\/v2\/users\/1"}],"replies":[{"embeddable":true,"href":"https:\/\/www.caririemacao.com\/1\/wp-json\/wp\/v2\/comments?post=70687"}],"version-history":[{"count":1,"href":"https:\/\/www.caririemacao.com\/1\/wp-json\/wp\/v2\/posts\/70687\/revisions"}],"predecessor-version":[{"id":70693,"href":"https:\/\/www.caririemacao.com\/1\/wp-json\/wp\/v2\/posts\/70687\/revisions\/70693"}],"wp:featuredmedia":[{"embeddable":true,"href":"https:\/\/www.caririemacao.com\/1\/wp-json\/wp\/v2\/media\/70692"}],"wp:attachment":[{"href":"https:\/\/www.caririemacao.com\/1\/wp-json\/wp\/v2\/media?parent=70687"}],"wp:term":[{"taxonomy":"category","embeddable":true,"href":"https:\/\/www.caririemacao.com\/1\/wp-json\/wp\/v2\/categories?post=70687"},{"taxonomy":"post_tag","embeddable":true,"href":"https:\/\/www.caririemacao.com\/1\/wp-json\/wp\/v2\/tags?post=70687"}],"curies":[{"name":"wp","href":"https:\/\/api.w.org\/{rel}","templated":true}]}}