{"id":70697,"date":"2018-11-02T08:16:30","date_gmt":"2018-11-02T11:16:30","guid":{"rendered":"http:\/\/www.caririemacao.com\/1\/?p=70697"},"modified":"2018-11-02T08:16:30","modified_gmt":"2018-11-02T11:16:30","slug":"cariri-em-acao-encerra-pesquisa-do-premio-referencia-2018","status":"publish","type":"post","link":"https:\/\/www.caririemacao.com\/1\/2018\/11\/02\/cariri-em-acao-encerra-pesquisa-do-premio-referencia-2018\/","title":{"rendered":"Cariri em A\u00e7\u00e3o encerra pesquisa do PR\u00caMIO REFER\u00caNCIA 2018"},"content":{"rendered":"<p>Depois de 14 dias de pesquisas, quase 2,3 mil quil\u00f4metros rodados e 2.235 mil pessoas entrevistadas, divididas em 23 cidades da regi\u00e3o, 19 paraibanas e 4 pernambucanas, aplicando question\u00e1rios diretamente nas cidades, realizando perguntas espont\u00e2neas e estimuladas, o Cariri em A\u00e7\u00e3o encerrou nesta quinta-feira (01\/11) a pesquisa in loco para a 6\u00aa edi\u00e7\u00e3o do PR\u00caMIO REFER\u00caNCIA 2018.<\/p>\n<p>Os pesquisadores estiveram nas cidades de Amparo, Camala\u00fa, Cara\u00fabas, Congo, Coxixola, Gurj\u00e3o, Livramento, Parari, Prata, Santo Andr\u00e9, S\u00e3o Jo\u00e3o do Cariri, S\u00e3o Jo\u00e3o do Tigre, S\u00e3o Jos\u00e9 dos Cordeiros, S\u00e3o Sebasti\u00e3o do Umbuzeiro, Serra Branca, Sum\u00e9, Zabel\u00ea, Ouro Velho, Monteiro, Jata\u00faba, Sert\u00e2nia, Tuparetama e S\u00e3o Jos\u00e9 do Egito, perguntando quais s\u00e3o as refer\u00eancias da sua cidade.<\/p>\n<p>De acordo com diretor do Cariri em A\u00e7\u00e3o, Marivaldo Alc\u00e2ntara, ap\u00f3s a pesquisa nas cidades, ser\u00e3o apurados os dados e no dia 10 de novembro os resultados ser\u00e3o divulgados no site Cariri em A\u00e7\u00e3o (www.caririemacao.com), na p\u00e1gina do Facebook.com\/caririemacao e no instagram (cariri_em_acao) e nos programa Cariri em A\u00e7\u00e3o, na 95 FM de Sum\u00e9 (8h \u00e0s 9h) e Ouro Velho FM (10h \u00e0s 11h).<\/p>\n<p>J\u00e1 em rela\u00e7\u00e3o a Cerim\u00f4nia de premia\u00e7\u00e3o ser\u00e1 dia 15 de dezembro na cidade de Monteiro-PB.<\/p>\n","protected":false},"excerpt":{"rendered":"<p>Depois de 14 dias de pesquisas, quase 2,3 mil quil\u00f4metros rodados e 2.235 mil pessoas entrevistadas, divididas em 23 cidades da regi\u00e3o, 19 paraibanas e&hellip; <\/p>\n","protected":false},"author":2,"featured_media":70192,"comment_status":"closed","ping_status":"closed","sticky":false,"template":"","format":"standard","meta":{"sfsi_plus_gutenberg_text_before_share":"","sfsi_plus_gutenberg_show_text_before_share":"","sfsi_plus_gutenberg_icon_type":"","sfsi_plus_gutenberg_icon_alignemt":"","sfsi_plus_gutenburg_max_per_row":"","footnotes":""},"categories":[2,49],"tags":[],"class_list":["post-70697","post","type-post","status-publish","format-standard","has-post-thumbnail","hentry","category-geral","category-premio-referencia-2018"],"_links":{"self":[{"href":"https:\/\/www.caririemacao.com\/1\/wp-json\/wp\/v2\/posts\/70697","targetHints":{"allow":["GET"]}}],"collection":[{"href":"https:\/\/www.caririemacao.com\/1\/wp-json\/wp\/v2\/posts"}],"about":[{"href":"https:\/\/www.caririemacao.com\/1\/wp-json\/wp\/v2\/types\/post"}],"author":[{"embeddable":true,"href":"https:\/\/www.caririemacao.com\/1\/wp-json\/wp\/v2\/users\/2"}],"replies":[{"embeddable":true,"href":"https:\/\/www.caririemacao.com\/1\/wp-json\/wp\/v2\/comments?post=70697"}],"version-history":[{"count":1,"href":"https:\/\/www.caririemacao.com\/1\/wp-json\/wp\/v2\/posts\/70697\/revisions"}],"predecessor-version":[{"id":70698,"href":"https:\/\/www.caririemacao.com\/1\/wp-json\/wp\/v2\/posts\/70697\/revisions\/70698"}],"wp:featuredmedia":[{"embeddable":true,"href":"https:\/\/www.caririemacao.com\/1\/wp-json\/wp\/v2\/media\/70192"}],"wp:attachment":[{"href":"https:\/\/www.caririemacao.com\/1\/wp-json\/wp\/v2\/media?parent=70697"}],"wp:term":[{"taxonomy":"category","embeddable":true,"href":"https:\/\/www.caririemacao.com\/1\/wp-json\/wp\/v2\/categories?post=70697"},{"taxonomy":"post_tag","embeddable":true,"href":"https:\/\/www.caririemacao.com\/1\/wp-json\/wp\/v2\/tags?post=70697"}],"curies":[{"name":"wp","href":"https:\/\/api.w.org\/{rel}","templated":true}]}}