{"id":70700,"date":"2018-11-02T08:36:38","date_gmt":"2018-11-02T11:36:38","guid":{"rendered":"http:\/\/www.caririemacao.com\/1\/?p=70700"},"modified":"2018-11-02T08:36:38","modified_gmt":"2018-11-02T11:36:38","slug":"prefeitura-de-camalau-realiza-comemoracao-do-dia-do-idoso","status":"publish","type":"post","link":"https:\/\/www.caririemacao.com\/1\/2018\/11\/02\/prefeitura-de-camalau-realiza-comemoracao-do-dia-do-idoso\/","title":{"rendered":"Prefeitura de Camala\u00fa realiza comemora\u00e7\u00e3o do dia do idoso"},"content":{"rendered":"<p style=\"font-weight: 400;\">Foi realizada na noite deste dia 31 de outubro de 2018 no Centro de Educa\u00e7\u00e3o e Cultura de Camala\u00fa, comemora\u00e7\u00e3o em alus\u00e3o ao dia do idoso.<\/p>\n<p style=\"font-weight: 400;\">A comemora\u00e7\u00e3o foi realizada pelo Governo Municipal de Camala\u00fa atrav\u00e9s da Secretaria de Trabalho e A\u00e7\u00e3o Social, e contemplou pessoas da Melhor Idade que participam do grupo de conviv\u00eancia gerido pela referida secretaria.<\/p>\n<p style=\"font-weight: 400;\">Estiveram presentes al\u00e9m dos integrantes do grupo da melhor idade, as pessoas que labutam na secretaria de Trabalho e A\u00e7\u00e3o Social juntamente com a secret\u00e1ria Jussara Mariano.<\/p>\n<p style=\"font-weight: 400;\">Quem tamb\u00e9m marcou presen\u00e7a foi o vereador Bhira Mariano, que fez a parte musical juntamente com o artista Fubinha.<\/p>\n<p style=\"font-weight: 400;\">O evento foi composto de m\u00fasicas, din\u00e2micas, brincadeiras e um delicioso jantar.<\/p>\n<p>Ascom\/ Camalau<\/p>\n","protected":false},"excerpt":{"rendered":"<p>Foi realizada na noite deste dia 31 de outubro de 2018 no Centro de Educa\u00e7\u00e3o e Cultura de Camala\u00fa, comemora\u00e7\u00e3o em alus\u00e3o ao dia do&hellip; <\/p>\n","protected":false},"author":1,"featured_media":70701,"comment_status":"closed","ping_status":"closed","sticky":false,"template":"","format":"standard","meta":{"sfsi_plus_gutenberg_text_before_share":"","sfsi_plus_gutenberg_show_text_before_share":"","sfsi_plus_gutenberg_icon_type":"","sfsi_plus_gutenberg_icon_alignemt":"","sfsi_plus_gutenburg_max_per_row":"","footnotes":""},"categories":[6],"tags":[],"class_list":["post-70700","post","type-post","status-publish","format-standard","has-post-thumbnail","hentry","category-cidades"],"_links":{"self":[{"href":"https:\/\/www.caririemacao.com\/1\/wp-json\/wp\/v2\/posts\/70700","targetHints":{"allow":["GET"]}}],"collection":[{"href":"https:\/\/www.caririemacao.com\/1\/wp-json\/wp\/v2\/posts"}],"about":[{"href":"https:\/\/www.caririemacao.com\/1\/wp-json\/wp\/v2\/types\/post"}],"author":[{"embeddable":true,"href":"https:\/\/www.caririemacao.com\/1\/wp-json\/wp\/v2\/users\/1"}],"replies":[{"embeddable":true,"href":"https:\/\/www.caririemacao.com\/1\/wp-json\/wp\/v2\/comments?post=70700"}],"version-history":[{"count":1,"href":"https:\/\/www.caririemacao.com\/1\/wp-json\/wp\/v2\/posts\/70700\/revisions"}],"predecessor-version":[{"id":70702,"href":"https:\/\/www.caririemacao.com\/1\/wp-json\/wp\/v2\/posts\/70700\/revisions\/70702"}],"wp:featuredmedia":[{"embeddable":true,"href":"https:\/\/www.caririemacao.com\/1\/wp-json\/wp\/v2\/media\/70701"}],"wp:attachment":[{"href":"https:\/\/www.caririemacao.com\/1\/wp-json\/wp\/v2\/media?parent=70700"}],"wp:term":[{"taxonomy":"category","embeddable":true,"href":"https:\/\/www.caririemacao.com\/1\/wp-json\/wp\/v2\/categories?post=70700"},{"taxonomy":"post_tag","embeddable":true,"href":"https:\/\/www.caririemacao.com\/1\/wp-json\/wp\/v2\/tags?post=70700"}],"curies":[{"name":"wp","href":"https:\/\/api.w.org\/{rel}","templated":true}]}}