{"id":70708,"date":"2018-11-02T08:50:18","date_gmt":"2018-11-02T11:50:18","guid":{"rendered":"http:\/\/www.caririemacao.com\/1\/?p=70708"},"modified":"2018-11-02T08:50:18","modified_gmt":"2018-11-02T11:50:18","slug":"dia-de-finados-o-que-e-e-porque-e-celebrado-em-2-de-novembro","status":"publish","type":"post","link":"https:\/\/www.caririemacao.com\/1\/2018\/11\/02\/dia-de-finados-o-que-e-e-porque-e-celebrado-em-2-de-novembro\/","title":{"rendered":"Dia de Finados: O que \u00e9 e porque \u00e9 celebrado em 2 de novembro?"},"content":{"rendered":"<p class=\"amp-wp-inline-9ebb7490943b27acf21bc3342b5bd50d\">Conhecido como Dia dos Mortos, o Dia de Finados \u00e9 um feriado religioso comemorado em 2 de novembro com ora\u00e7\u00f5es e homenagens aos que j\u00e1 se foram. Nesta data, as fam\u00edlias costumam visitar as sepulturas dos entes queridos e enfeitar seus t\u00famulos com flores, al\u00e9m de acenderem velas por suas almas e rezarem por eles no cemit\u00e9rio.<\/p>\n<p class=\"amp-wp-inline-9ebb7490943b27acf21bc3342b5bd50d\">A data foi institu\u00edda no s\u00e9culo 13 pela Igreja Cat\u00f3lica por suceder o Dia de Todos os Santos, comemorado em 1\u00ba de novembro. Os registros hist\u00f3ricos mostram que a tradi\u00e7\u00e3o foi institu\u00edda pela Igreja Cat\u00f3lica no s\u00e9culo 10, com a ideia de que os vivos devem intervir pelas almas que esperam a purifica\u00e7\u00e3o no purgat\u00f3rio.<\/p>\n<p class=\"amp-wp-inline-9ebb7490943b27acf21bc3342b5bd50d\">No entanto, o costume \u00e9 ainda mais antigo. Ao que tudo indica, desde o s\u00e9culo 2, h\u00e1 ind\u00edcios de crist\u00e3os que oravam por seus falecidos nos t\u00famulos. Depois, a Igreja foi aderindo ao costume e no s\u00e9culo 5 virou costume dedicar um dia do ano para rezar por todos os mortos, especialmente pelos quais n\u00e3o tinham fam\u00edlia e ningu\u00e9m se lembrava de pedir por suas almas.<\/p>\n<p class=\"amp-wp-inline-9ebb7490943b27acf21bc3342b5bd50d\"><strong>M\u00e9xico<\/strong><\/p>\n<p class=\"amp-wp-inline-9ebb7490943b27acf21bc3342b5bd50d\">No M\u00e9xico, as pessoas tamb\u00e9m comemoram o Dia de Finados, mas de uma maneira mais festiva e colorida que a brasileira. As celebra\u00e7\u00f5es duram 3 dias, de 31 de outubro a 2 de novembro, e as pessoas celebram a morte com alegria, enfeitando as ruas e organizando desfiles.<\/p>\n<p class=\"amp-wp-inline-9ebb7490943b27acf21bc3342b5bd50d\">A caveira mexicana (La Catrina), s\u00edmbolo da festa, foi criada pelo cartunista Jos\u00e9 Guadalupe Posada, um dos respons\u00e1veis por consolidar a data no M\u00e9xico. Nessa data tamb\u00e9m \u00e9 costume ter alteres decorados dentro de casa, os mexicanos os enfeitam com flores, caveiras de papel mach\u00ea, retratos das pessoas mortas e pequenas oferendas.<\/p>\n<p>&nbsp;<\/p>\n","protected":false},"excerpt":{"rendered":"<p>Conhecido como Dia dos Mortos, o Dia de Finados \u00e9 um feriado religioso comemorado em 2 de novembro com ora\u00e7\u00f5es e homenagens aos que j\u00e1&hellip; <\/p>\n","protected":false},"author":1,"featured_media":70709,"comment_status":"closed","ping_status":"closed","sticky":false,"template":"","format":"standard","meta":{"sfsi_plus_gutenberg_text_before_share":"","sfsi_plus_gutenberg_show_text_before_share":"","sfsi_plus_gutenberg_icon_type":"","sfsi_plus_gutenberg_icon_alignemt":"","sfsi_plus_gutenburg_max_per_row":"","footnotes":""},"categories":[2],"tags":[],"class_list":["post-70708","post","type-post","status-publish","format-standard","has-post-thumbnail","hentry","category-geral"],"_links":{"self":[{"href":"https:\/\/www.caririemacao.com\/1\/wp-json\/wp\/v2\/posts\/70708","targetHints":{"allow":["GET"]}}],"collection":[{"href":"https:\/\/www.caririemacao.com\/1\/wp-json\/wp\/v2\/posts"}],"about":[{"href":"https:\/\/www.caririemacao.com\/1\/wp-json\/wp\/v2\/types\/post"}],"author":[{"embeddable":true,"href":"https:\/\/www.caririemacao.com\/1\/wp-json\/wp\/v2\/users\/1"}],"replies":[{"embeddable":true,"href":"https:\/\/www.caririemacao.com\/1\/wp-json\/wp\/v2\/comments?post=70708"}],"version-history":[{"count":1,"href":"https:\/\/www.caririemacao.com\/1\/wp-json\/wp\/v2\/posts\/70708\/revisions"}],"predecessor-version":[{"id":70710,"href":"https:\/\/www.caririemacao.com\/1\/wp-json\/wp\/v2\/posts\/70708\/revisions\/70710"}],"wp:featuredmedia":[{"embeddable":true,"href":"https:\/\/www.caririemacao.com\/1\/wp-json\/wp\/v2\/media\/70709"}],"wp:attachment":[{"href":"https:\/\/www.caririemacao.com\/1\/wp-json\/wp\/v2\/media?parent=70708"}],"wp:term":[{"taxonomy":"category","embeddable":true,"href":"https:\/\/www.caririemacao.com\/1\/wp-json\/wp\/v2\/categories?post=70708"},{"taxonomy":"post_tag","embeddable":true,"href":"https:\/\/www.caririemacao.com\/1\/wp-json\/wp\/v2\/tags?post=70708"}],"curies":[{"name":"wp","href":"https:\/\/api.w.org\/{rel}","templated":true}]}}