{"id":70711,"date":"2018-11-02T08:55:20","date_gmt":"2018-11-02T11:55:20","guid":{"rendered":"http:\/\/www.caririemacao.com\/1\/?p=70711"},"modified":"2018-11-02T08:55:20","modified_gmt":"2018-11-02T11:55:20","slug":"novo-governo-cogita-recriacao-do-imposto-do-cheque","status":"publish","type":"post","link":"https:\/\/www.caririemacao.com\/1\/2018\/11\/02\/novo-governo-cogita-recriacao-do-imposto-do-cheque\/","title":{"rendered":"Novo governo cogita recria\u00e7\u00e3o do \u00b4imposto do cheque\u00b4"},"content":{"rendered":"<p>A equipe econ\u00f4mica do presidente eleito quer criar um imposto sobre movimenta\u00e7\u00e3o financeira para custear a Previd\u00eancia, substituindo a contribui\u00e7\u00e3o sobre a folha salarial paga pelos empregadores, informa na edi\u00e7\u00e3o de hoje o jornal O Globo.<\/p>\n<p>Segundo Marcos Cintra, respons\u00e1vel pela \u00e1rea tribut\u00e1ria na equipe de Paulo Guedes, a al\u00edquota seria de 0,4% a 0,45% em cada opera\u00e7\u00e3o.<\/p>\n<p>O ministro da Defesa, general Luna, disse que as For\u00e7as Armadas ter\u00e3o uma proposta de reforma que ampliar\u00e1 o tempo de contribui\u00e7\u00e3o dos militares.<\/p>\n<p>O Globo<\/p>\n","protected":false},"excerpt":{"rendered":"<p>A equipe econ\u00f4mica do presidente eleito quer criar um imposto sobre movimenta\u00e7\u00e3o financeira para custear a Previd\u00eancia, substituindo a contribui\u00e7\u00e3o sobre a folha salarial paga&hellip; <\/p>\n","protected":false},"author":1,"featured_media":68658,"comment_status":"closed","ping_status":"closed","sticky":false,"template":"","format":"standard","meta":{"sfsi_plus_gutenberg_text_before_share":"","sfsi_plus_gutenberg_show_text_before_share":"","sfsi_plus_gutenberg_icon_type":"","sfsi_plus_gutenberg_icon_alignemt":"","sfsi_plus_gutenburg_max_per_row":"","footnotes":""},"categories":[1],"tags":[],"class_list":["post-70711","post","type-post","status-publish","format-standard","has-post-thumbnail","hentry","category-o-site"],"_links":{"self":[{"href":"https:\/\/www.caririemacao.com\/1\/wp-json\/wp\/v2\/posts\/70711","targetHints":{"allow":["GET"]}}],"collection":[{"href":"https:\/\/www.caririemacao.com\/1\/wp-json\/wp\/v2\/posts"}],"about":[{"href":"https:\/\/www.caririemacao.com\/1\/wp-json\/wp\/v2\/types\/post"}],"author":[{"embeddable":true,"href":"https:\/\/www.caririemacao.com\/1\/wp-json\/wp\/v2\/users\/1"}],"replies":[{"embeddable":true,"href":"https:\/\/www.caririemacao.com\/1\/wp-json\/wp\/v2\/comments?post=70711"}],"version-history":[{"count":1,"href":"https:\/\/www.caririemacao.com\/1\/wp-json\/wp\/v2\/posts\/70711\/revisions"}],"predecessor-version":[{"id":70712,"href":"https:\/\/www.caririemacao.com\/1\/wp-json\/wp\/v2\/posts\/70711\/revisions\/70712"}],"wp:featuredmedia":[{"embeddable":true,"href":"https:\/\/www.caririemacao.com\/1\/wp-json\/wp\/v2\/media\/68658"}],"wp:attachment":[{"href":"https:\/\/www.caririemacao.com\/1\/wp-json\/wp\/v2\/media?parent=70711"}],"wp:term":[{"taxonomy":"category","embeddable":true,"href":"https:\/\/www.caririemacao.com\/1\/wp-json\/wp\/v2\/categories?post=70711"},{"taxonomy":"post_tag","embeddable":true,"href":"https:\/\/www.caririemacao.com\/1\/wp-json\/wp\/v2\/tags?post=70711"}],"curies":[{"name":"wp","href":"https:\/\/api.w.org\/{rel}","templated":true}]}}