{"id":70717,"date":"2018-11-02T10:07:00","date_gmt":"2018-11-02T13:07:00","guid":{"rendered":"http:\/\/www.caririemacao.com\/1\/?p=70717"},"modified":"2018-11-02T10:07:00","modified_gmt":"2018-11-02T13:07:00","slug":"quem-nao-votou-nem-justificou-ausencia-deve-regularizar-situacao-alerta-tse","status":"publish","type":"post","link":"https:\/\/www.caririemacao.com\/1\/2018\/11\/02\/quem-nao-votou-nem-justificou-ausencia-deve-regularizar-situacao-alerta-tse\/","title":{"rendered":"Quem n\u00e3o votou nem justificou aus\u00eancia deve regularizar situa\u00e7\u00e3o, alerta TSE"},"content":{"rendered":"<p>O eleitor que n\u00e3o votou nem apresentou justificativa no primeiro e segundo turnos do pleito (7 e 28 de outubro) tem 60 dias, a contar de cada turno, para regularizar sua situa\u00e7\u00e3o junto a Justi\u00e7a Eleitoral. Para isso, dever\u00e1 preencher o Requerimento de Justificativa Eleitoral \u2013 p\u00f3s elei\u00e7\u00e3o, e escolher de que forma o documento deve chegar ao juiz da zona eleitoral na qual est\u00e1 inscrito: entrega pessoal no cart\u00f3rio, envio pelos Correios ou via internet, por meio do Sistema Justifica.<\/p>\n<p>A justificativa dever\u00e1 ser apresentada para cada turno em que o eleitor esteve ausente ou deixou de apresentar justificativa. Assim, quem n\u00e3o votou nem justificou nos dias 7 e 28 de outubro, dever\u00e1 preencher dois requerimentos. O Requerimento de Justificativa Eleitoral \u2013 p\u00f3s elei\u00e7\u00e3o deve ser preenchido corretamente com os dados do eleitor.<\/p>\n<div id=\"attachment_521088\" class=\"wp-caption aligncenter\"><img decoding=\"async\" class=\"wp-image-521088 size-medium lazyloaded\" src=\"https:\/\/paraibaonline.com.br\/wp-content\/uploads\/2018\/11\/9d9ea0a6-8d8f-45d0-945e-e31cbd786917-567x378.jpeg\" sizes=\"(max-width: 567px) 100vw, 567px\" srcset=\"https:\/\/paraibaonline.com.br\/wp-content\/uploads\/2018\/11\/9d9ea0a6-8d8f-45d0-945e-e31cbd786917-567x378.jpeg 567w, https:\/\/paraibaonline.com.br\/wp-content\/uploads\/2018\/11\/9d9ea0a6-8d8f-45d0-945e-e31cbd786917.jpeg 600w\" alt=\"Foto: Reprodu\u00e7\u00e3o\/ TSE\" data-lazy-src=\"https:\/\/paraibaonline.com.br\/wp-content\/uploads\/2018\/11\/9d9ea0a6-8d8f-45d0-945e-e31cbd786917-567x378.jpeg\" data-lazy-srcset=\"https:\/\/paraibaonline.com.br\/wp-content\/uploads\/2018\/11\/9d9ea0a6-8d8f-45d0-945e-e31cbd786917-567x378.jpeg 567w, https:\/\/paraibaonline.com.br\/wp-content\/uploads\/2018\/11\/9d9ea0a6-8d8f-45d0-945e-e31cbd786917.jpeg 600w\" data-lazy-sizes=\"(max-width: 567px) 100vw, 567px\" data-was-processed=\"true\" \/><\/p>\n<p class=\"wp-caption-text\">Foto: Reprodu\u00e7\u00e3o\/ TSE<\/p>\n<\/div>\n<p>Tamb\u00e9m \u00e9 necess\u00e1rio declarar o motivo da aus\u00eancia \u00e0s urnas e anexar documenta\u00e7\u00e3o comprobat\u00f3ria digitalizada. O cidad\u00e3o receber\u00e1 um protocolo para acompanhar o andamento do requerimento, que ser\u00e1 encaminhado para exame pelo juiz competente. Se acolhida a justificativa, o eleitor ser\u00e1 notificado da decis\u00e3o.<\/p>\n","protected":false},"excerpt":{"rendered":"<p>O eleitor que n\u00e3o votou nem apresentou justificativa no primeiro e segundo turnos do pleito (7 e 28 de outubro) tem 60 dias, a contar&hellip; <\/p>\n","protected":false},"author":1,"featured_media":42252,"comment_status":"closed","ping_status":"closed","sticky":false,"template":"","format":"standard","meta":{"sfsi_plus_gutenberg_text_before_share":"","sfsi_plus_gutenberg_show_text_before_share":"","sfsi_plus_gutenberg_icon_type":"","sfsi_plus_gutenberg_icon_alignemt":"","sfsi_plus_gutenburg_max_per_row":"","footnotes":""},"categories":[1],"tags":[],"class_list":["post-70717","post","type-post","status-publish","format-standard","has-post-thumbnail","hentry","category-o-site"],"_links":{"self":[{"href":"https:\/\/www.caririemacao.com\/1\/wp-json\/wp\/v2\/posts\/70717","targetHints":{"allow":["GET"]}}],"collection":[{"href":"https:\/\/www.caririemacao.com\/1\/wp-json\/wp\/v2\/posts"}],"about":[{"href":"https:\/\/www.caririemacao.com\/1\/wp-json\/wp\/v2\/types\/post"}],"author":[{"embeddable":true,"href":"https:\/\/www.caririemacao.com\/1\/wp-json\/wp\/v2\/users\/1"}],"replies":[{"embeddable":true,"href":"https:\/\/www.caririemacao.com\/1\/wp-json\/wp\/v2\/comments?post=70717"}],"version-history":[{"count":1,"href":"https:\/\/www.caririemacao.com\/1\/wp-json\/wp\/v2\/posts\/70717\/revisions"}],"predecessor-version":[{"id":70718,"href":"https:\/\/www.caririemacao.com\/1\/wp-json\/wp\/v2\/posts\/70717\/revisions\/70718"}],"wp:featuredmedia":[{"embeddable":true,"href":"https:\/\/www.caririemacao.com\/1\/wp-json\/wp\/v2\/media\/42252"}],"wp:attachment":[{"href":"https:\/\/www.caririemacao.com\/1\/wp-json\/wp\/v2\/media?parent=70717"}],"wp:term":[{"taxonomy":"category","embeddable":true,"href":"https:\/\/www.caririemacao.com\/1\/wp-json\/wp\/v2\/categories?post=70717"},{"taxonomy":"post_tag","embeddable":true,"href":"https:\/\/www.caririemacao.com\/1\/wp-json\/wp\/v2\/tags?post=70717"}],"curies":[{"name":"wp","href":"https:\/\/api.w.org\/{rel}","templated":true}]}}