{"id":70720,"date":"2018-11-02T10:11:17","date_gmt":"2018-11-02T13:11:17","guid":{"rendered":"http:\/\/www.caririemacao.com\/1\/?p=70720"},"modified":"2018-11-02T10:11:17","modified_gmt":"2018-11-02T13:11:17","slug":"militares-doam-sangue-para-o-hemonucleo-de-monteiro","status":"publish","type":"post","link":"https:\/\/www.caririemacao.com\/1\/2018\/11\/02\/militares-doam-sangue-para-o-hemonucleo-de-monteiro\/","title":{"rendered":"Militares doam sangue para o Hemonucleo de Monteiro"},"content":{"rendered":"<p>Em um gesto social, cerca de 28 alunos soldados participaram nesta quinta-feira (01) da doa\u00e7\u00e3o de mais de 25 bolsas de sangue, em demonstra\u00e7\u00e3o de empenho e solidariedade com o ser humano.<\/p>\n<p>O N\u00facleo de Forma\u00e7\u00e3o e Aprimoramento Profissional (NuFAP) \u00e9 coordenado pelo Tenente Moura e de acordo com o soldado Rob\u00e9rio os alunos ir\u00e3o participar de outros eventos sociais com a finalidade de proteger, servir e guardar.<\/p>\n<p>\u201cDoar sangue n\u00e3o d\u00f3i e n\u00e3o representa perigo algum para quem realiza o procedimento para a realiza\u00e7\u00e3o da coleta. O Hemonucleo disponibilizou profissionais coordenados pela diretora Joyce, que nos visitou com uma palestra esclarecedora\u201d, esclareceu.<\/p>\n<p>O soldado Rob\u00e9rio ressaltou que todo cidad\u00e3o recebe, ap\u00f3s a doa\u00e7\u00e3o, a an\u00e1lise do material coletado com diversos exames, um verdadeiro check up. Ele ainda informou que o NuFAP ir\u00e1 se colocar, sempre que necess\u00e1rio, \u00e0 disposi\u00e7\u00e3o para a coleta.<\/p>\n<p>Vale destacar que a Prefeitura de Sum\u00e9 disponibilizou um transporte para que os alunos pudessem ir \u00e0 cidade de Monteiro realizar a doa\u00e7\u00e3o do sangue.<\/p>\n<p>&#8220;Hoje participamos de um grande evento social e confesso que ficamos orgulhosos da a\u00e7\u00e3o de todo o corpo de alunos. Quando falamos em proteger, servir e guardar de nada serve se n\u00e3o colocarmos em pr\u00e1tica e doar sangue torna essa frase real. Antes de sermos policiais militares, somos servidores p\u00fablicos e n\u00e3o tem l\u00f3gica n\u00e3o servirmos quando poss\u00edvel e necess\u00e1rio&#8221;, finalizou o soldado Rob\u00e9rio.<\/p>\n<p><strong>Reda\u00e7\u00e3o Cariri em A\u00e7\u00e3o<\/strong><\/p>\n","protected":false},"excerpt":{"rendered":"<p>Em um gesto social, cerca de 28 alunos soldados participaram nesta quinta-feira (01) da doa\u00e7\u00e3o de mais de 25 bolsas de sangue, em demonstra\u00e7\u00e3o de&hellip; <\/p>\n","protected":false},"author":2,"featured_media":70721,"comment_status":"closed","ping_status":"closed","sticky":false,"template":"","format":"standard","meta":{"sfsi_plus_gutenberg_text_before_share":"","sfsi_plus_gutenberg_show_text_before_share":"","sfsi_plus_gutenberg_icon_type":"","sfsi_plus_gutenberg_icon_alignemt":"","sfsi_plus_gutenburg_max_per_row":"","footnotes":""},"categories":[2],"tags":[],"class_list":["post-70720","post","type-post","status-publish","format-standard","has-post-thumbnail","hentry","category-geral"],"_links":{"self":[{"href":"https:\/\/www.caririemacao.com\/1\/wp-json\/wp\/v2\/posts\/70720","targetHints":{"allow":["GET"]}}],"collection":[{"href":"https:\/\/www.caririemacao.com\/1\/wp-json\/wp\/v2\/posts"}],"about":[{"href":"https:\/\/www.caririemacao.com\/1\/wp-json\/wp\/v2\/types\/post"}],"author":[{"embeddable":true,"href":"https:\/\/www.caririemacao.com\/1\/wp-json\/wp\/v2\/users\/2"}],"replies":[{"embeddable":true,"href":"https:\/\/www.caririemacao.com\/1\/wp-json\/wp\/v2\/comments?post=70720"}],"version-history":[{"count":1,"href":"https:\/\/www.caririemacao.com\/1\/wp-json\/wp\/v2\/posts\/70720\/revisions"}],"predecessor-version":[{"id":70722,"href":"https:\/\/www.caririemacao.com\/1\/wp-json\/wp\/v2\/posts\/70720\/revisions\/70722"}],"wp:featuredmedia":[{"embeddable":true,"href":"https:\/\/www.caririemacao.com\/1\/wp-json\/wp\/v2\/media\/70721"}],"wp:attachment":[{"href":"https:\/\/www.caririemacao.com\/1\/wp-json\/wp\/v2\/media?parent=70720"}],"wp:term":[{"taxonomy":"category","embeddable":true,"href":"https:\/\/www.caririemacao.com\/1\/wp-json\/wp\/v2\/categories?post=70720"},{"taxonomy":"post_tag","embeddable":true,"href":"https:\/\/www.caririemacao.com\/1\/wp-json\/wp\/v2\/tags?post=70720"}],"curies":[{"name":"wp","href":"https:\/\/api.w.org\/{rel}","templated":true}]}}