{"id":70723,"date":"2018-11-02T10:29:53","date_gmt":"2018-11-02T13:29:53","guid":{"rendered":"http:\/\/www.caririemacao.com\/1\/?p=70723"},"modified":"2018-11-02T10:31:03","modified_gmt":"2018-11-02T13:31:03","slug":"cassio-comemora-moro-ministro-da-justica-e-garante-sempre-fui-do-time-dele","status":"publish","type":"post","link":"https:\/\/www.caririemacao.com\/1\/2018\/11\/02\/cassio-comemora-moro-ministro-da-justica-e-garante-sempre-fui-do-time-dele\/","title":{"rendered":"C\u00e1ssio comemora Moro ministro da Justi\u00e7a e garante: \u201csempre fui do time dele\u201d"},"content":{"rendered":"<p>O senador C\u00e1ssio Cunha Lima (PSDB) disse nesta quinta-feira (1\u00ba) que n\u00e3o h\u00e1 ningu\u00e9m que re\u00fana melhores condi\u00e7\u00f5es do que o juiz Sergio Moro para implementar um novo sistema de combate \u00e0 corrup\u00e7\u00e3o e ao crime organizado. A declara\u00e7\u00e3o foi dada pelo paraibano ao comentar a ida de Moro para o superminist\u00e9rio da Justi\u00e7a no governo Bolsonaro.<\/p>\n<p>\u201cH\u00e1 algo novo no ar, e tor\u00e7o muito para que d\u00ea certo, afinal sempre disse que sou do time de Moro\u201d, disse em nota o senador.<\/p>\n<p>Na nota ele elogia a redu\u00e7\u00e3o do n\u00famero de minist\u00e9rios anunciadas pelo presidente eleito Jair Bolsonaro.<\/p>\n<p>\u201cS\u00f3 em acabar o toma-l\u00e1-d\u00e1-c\u00e1 na composi\u00e7\u00e3o dos minist\u00e9rios, e a redu\u00e7\u00e3o do seu n\u00famero, j\u00e1 \u00e9 um ato concreto de combate \u00e0 corrup\u00e7\u00e3o. Enfrentar a raiz do problema, diminuindo o tamanho do Estado, \u00e9 um esperan\u00e7oso primeiro passo de uma \u00e1rdua e dif\u00edcil caminhada\u201d, diz.<\/p>\n<p>Confira nota de C\u00e1ssio:<\/p>\n<p><em>N\u00e3o \u00e9 a primeira vez que vejo um magistrado, de primeiro grau, renunciar \u00e0 toga para servir de forma mais ampla \u00e0 sociedade. No in\u00edcio da d\u00e9cada de 90, o Juiz de Direito Dr. Marcos Benjamim, t\u00e3o honesto, \u00edntegro e competente quanto o Dr. S\u00e9rgio Moro, renunciou \u00e0 magistratura para servir ao povo da Para\u00edba na Secretaria de Seguran\u00e7a P\u00fablica, a convite do governador Ronaldo Cunha Lima, meu digno, probo e honrado pai. Gesto que s\u00f3 os verdadeiros homens de esp\u00edrito p\u00fablico s\u00e3o capazes de praticar (n\u00e3o os confundam com os pol\u00edticos, porque esses nem sempre s\u00e3o dotados de altru\u00edsmo).<\/em><\/p>\n<p><em>Por que, ent\u00e3o, Dr. S\u00e9rgio Moro n\u00e3o pode ser ministro? Ainda mais com os amplos poderes para implementar um novo sistema de combate \u00e0 corrup\u00e7\u00e3o e ao crime organizado, como foi anunciado? Conseguir\u00e1? N\u00e3o sei, s\u00f3 o tempo dir\u00e1. Mas vale, e vale muito, tentar.<\/em><\/p>\n<p><em>Com todo respeito aos demais pretendentes ao cargo (e o indicado sequer era um deles), n\u00e3o h\u00e1 ningu\u00e9m que re\u00fana melhores condi\u00e7\u00f5es do que Dr. Moro para t\u00e3o relevante e desafiadora tarefa. Dando certo, nascer\u00e1 um novo pa\u00eds, salve!<\/em><\/p>\n<p><em>A Lava Jato retirou apenas uma pe\u00e7a de uma complexa e sofisticada engrenagem que continua funcionando de forma azeitada no Brasil: a m\u00e1quina da corrup\u00e7\u00e3o.<\/em><\/p>\n<p><em>S\u00f3 em acabar o toma-l\u00e1-d\u00e1-c\u00e1 na composi\u00e7\u00e3o dos minist\u00e9rios, e a redu\u00e7\u00e3o do seu n\u00famero, j\u00e1 \u00e9 um ato concreto de combate \u00e0 corrup\u00e7\u00e3o.<\/em><\/p>\n<p><em>Enfrentar a raiz do problema, diminuindo o tamanho do Estado, \u00e9 um esperan\u00e7oso primeiro passo de uma \u00e1rdua e dif\u00edcil caminhada. H\u00e1 algo novo no ar, e tor\u00e7o muito para que d\u00ea certo, afinal sempre disse que sou do time de Moro.<\/em><\/p>\n<p>&nbsp;<\/p>\n<p>ParlamentoPB.<\/p>\n","protected":false},"excerpt":{"rendered":"<p>O senador C\u00e1ssio Cunha Lima (PSDB) disse nesta quinta-feira (1\u00ba) que n\u00e3o h\u00e1 ningu\u00e9m que re\u00fana melhores condi\u00e7\u00f5es do que o juiz Sergio Moro para&hellip; <\/p>\n","protected":false},"author":1,"featured_media":56979,"comment_status":"closed","ping_status":"closed","sticky":false,"template":"","format":"standard","meta":{"sfsi_plus_gutenberg_text_before_share":"","sfsi_plus_gutenberg_show_text_before_share":"","sfsi_plus_gutenberg_icon_type":"","sfsi_plus_gutenberg_icon_alignemt":"","sfsi_plus_gutenburg_max_per_row":"","footnotes":""},"categories":[11],"tags":[],"class_list":["post-70723","post","type-post","status-publish","format-standard","has-post-thumbnail","hentry","category-politica"],"_links":{"self":[{"href":"https:\/\/www.caririemacao.com\/1\/wp-json\/wp\/v2\/posts\/70723","targetHints":{"allow":["GET"]}}],"collection":[{"href":"https:\/\/www.caririemacao.com\/1\/wp-json\/wp\/v2\/posts"}],"about":[{"href":"https:\/\/www.caririemacao.com\/1\/wp-json\/wp\/v2\/types\/post"}],"author":[{"embeddable":true,"href":"https:\/\/www.caririemacao.com\/1\/wp-json\/wp\/v2\/users\/1"}],"replies":[{"embeddable":true,"href":"https:\/\/www.caririemacao.com\/1\/wp-json\/wp\/v2\/comments?post=70723"}],"version-history":[{"count":1,"href":"https:\/\/www.caririemacao.com\/1\/wp-json\/wp\/v2\/posts\/70723\/revisions"}],"predecessor-version":[{"id":70724,"href":"https:\/\/www.caririemacao.com\/1\/wp-json\/wp\/v2\/posts\/70723\/revisions\/70724"}],"wp:featuredmedia":[{"embeddable":true,"href":"https:\/\/www.caririemacao.com\/1\/wp-json\/wp\/v2\/media\/56979"}],"wp:attachment":[{"href":"https:\/\/www.caririemacao.com\/1\/wp-json\/wp\/v2\/media?parent=70723"}],"wp:term":[{"taxonomy":"category","embeddable":true,"href":"https:\/\/www.caririemacao.com\/1\/wp-json\/wp\/v2\/categories?post=70723"},{"taxonomy":"post_tag","embeddable":true,"href":"https:\/\/www.caririemacao.com\/1\/wp-json\/wp\/v2\/tags?post=70723"}],"curies":[{"name":"wp","href":"https:\/\/api.w.org\/{rel}","templated":true}]}}