{"id":70726,"date":"2018-11-02T10:33:32","date_gmt":"2018-11-02T13:33:32","guid":{"rendered":"http:\/\/www.caririemacao.com\/1\/?p=70726"},"modified":"2018-11-02T10:33:32","modified_gmt":"2018-11-02T13:33:32","slug":"cec-educacional-oferece-dezenas-de-cursos-ead-e-semi-presenciais-em-monteiro","status":"publish","type":"post","link":"https:\/\/www.caririemacao.com\/1\/2018\/11\/02\/cec-educacional-oferece-dezenas-de-cursos-ead-e-semi-presenciais-em-monteiro\/","title":{"rendered":"CEC EDUCACIONAL oferece dezenas de cursos EAD e SEMI PRESENCIAIS em Monteiro"},"content":{"rendered":"<p style=\"font-weight: 400;\">Aten\u00e7\u00e3o voc\u00ea que tem interesse de fazer um curso superior de qualidade em dezenas de \u00e1reas atrav\u00e9s de uma institui\u00e7\u00e3o s\u00e9ria e com credibilidade no mercado<\/p>\n<p style=\"font-weight: 400;\">O CEC EDUCACIONAL est\u00e1 com uma grande parceria com a UNIVERSIDADE BRASIL, uma das maiores institui\u00e7\u00f5es de EAD do pa\u00eds, e oferecendo vagas em dezenas de cursos.<\/p>\n<p style=\"font-weight: 400;\">A institui\u00e7\u00e3o conta com um p\u00f3lo em Monteiro onde os alunos podem cursar de forma semi-presencial em modernas instala\u00e7\u00f5es com toda infra estrutura necess\u00e1ria.<\/p>\n<p style=\"font-weight: 400;\">Haver\u00e1 provas nos meses de Novembro e Dezembro de 2018 e Janeiro de 2019, com aulas previstas para iniciar em fevereiro do ano que v\u00eam.<\/p>\n<p style=\"font-weight: 400;\">H\u00e1 oportunidades para alunos de Monteiro, do Cariri e de todo o estado de Pernambuco em cursos com a credibilidade e atestado de qualidade do CEC EDUCACIONAL e da UNIVERSIDADE BRASIL em uma parceria que tem muito a oferecer aos futuros alunos.<\/p>\n<p style=\"font-weight: 400;\">S\u00e3o cursos em v\u00e1rias \u00e1reas, como por exemplo: Letras, educa\u00e7\u00e3o f\u00edsica, marketing, pedagogia (gradua\u00e7\u00e3o EAD), al\u00e9m de: biomedicina, agronomia, farm\u00e1cia, fisioterapia, engenharia de produ\u00e7\u00e3o e outros (gradua\u00e7\u00e3o semi presencial).<\/p>\n<p style=\"font-weight: 400;\">Maiores informa\u00e7\u00f5es podem ser obtidas atrav\u00e9s dos telefones que est\u00e3o no banner abaixo ou na Rua Sizenando Rafael, 461 na cidade de Monteiro.<\/p>\n<p>CONFIRA A RELA\u00c7\u00c3O DOS CURSOS DISPON\u00cdVEIS.<\/p>\n<p><img fetchpriority=\"high\" decoding=\"async\" class=\"aligncenter wp-image-70727 size-large\" src=\"http:\/\/www.caririemacao.com\/1\/wp-content\/uploads\/2018\/11\/WhatsApp-Image-2018-11-01-at-16.37.09-1024x1005.jpeg\" alt=\"\" width=\"800\" height=\"785\" srcset=\"https:\/\/www.caririemacao.com\/1\/wp-content\/uploads\/2018\/11\/WhatsApp-Image-2018-11-01-at-16.37.09.jpeg 1024w, https:\/\/www.caririemacao.com\/1\/wp-content\/uploads\/2018\/11\/WhatsApp-Image-2018-11-01-at-16.37.09-300x294.jpeg 300w, https:\/\/www.caririemacao.com\/1\/wp-content\/uploads\/2018\/11\/WhatsApp-Image-2018-11-01-at-16.37.09-768x754.jpeg 768w\" sizes=\"(max-width: 800px) 100vw, 800px\" \/><\/p>\n<p style=\"font-weight: 400;\"><strong>F\u00c1BIO BRITO<\/strong><\/p>\n","protected":false},"excerpt":{"rendered":"<p>Aten\u00e7\u00e3o voc\u00ea que tem interesse de fazer um curso superior de qualidade em dezenas de \u00e1reas atrav\u00e9s de uma institui\u00e7\u00e3o s\u00e9ria e com credibilidade no&hellip; <\/p>\n","protected":false},"author":2,"featured_media":70727,"comment_status":"closed","ping_status":"closed","sticky":false,"template":"","format":"standard","meta":{"sfsi_plus_gutenberg_text_before_share":"","sfsi_plus_gutenberg_show_text_before_share":"","sfsi_plus_gutenberg_icon_type":"","sfsi_plus_gutenberg_icon_alignemt":"","sfsi_plus_gutenburg_max_per_row":"","footnotes":""},"categories":[14],"tags":[],"class_list":["post-70726","post","type-post","status-publish","format-standard","has-post-thumbnail","hentry","category-educacao"],"_links":{"self":[{"href":"https:\/\/www.caririemacao.com\/1\/wp-json\/wp\/v2\/posts\/70726","targetHints":{"allow":["GET"]}}],"collection":[{"href":"https:\/\/www.caririemacao.com\/1\/wp-json\/wp\/v2\/posts"}],"about":[{"href":"https:\/\/www.caririemacao.com\/1\/wp-json\/wp\/v2\/types\/post"}],"author":[{"embeddable":true,"href":"https:\/\/www.caririemacao.com\/1\/wp-json\/wp\/v2\/users\/2"}],"replies":[{"embeddable":true,"href":"https:\/\/www.caririemacao.com\/1\/wp-json\/wp\/v2\/comments?post=70726"}],"version-history":[{"count":1,"href":"https:\/\/www.caririemacao.com\/1\/wp-json\/wp\/v2\/posts\/70726\/revisions"}],"predecessor-version":[{"id":70728,"href":"https:\/\/www.caririemacao.com\/1\/wp-json\/wp\/v2\/posts\/70726\/revisions\/70728"}],"wp:featuredmedia":[{"embeddable":true,"href":"https:\/\/www.caririemacao.com\/1\/wp-json\/wp\/v2\/media\/70727"}],"wp:attachment":[{"href":"https:\/\/www.caririemacao.com\/1\/wp-json\/wp\/v2\/media?parent=70726"}],"wp:term":[{"taxonomy":"category","embeddable":true,"href":"https:\/\/www.caririemacao.com\/1\/wp-json\/wp\/v2\/categories?post=70726"},{"taxonomy":"post_tag","embeddable":true,"href":"https:\/\/www.caririemacao.com\/1\/wp-json\/wp\/v2\/tags?post=70726"}],"curies":[{"name":"wp","href":"https:\/\/api.w.org\/{rel}","templated":true}]}}