{"id":70737,"date":"2018-11-02T13:57:29","date_gmt":"2018-11-02T16:57:29","guid":{"rendered":"http:\/\/www.caririemacao.com\/1\/?p=70737"},"modified":"2018-11-02T13:57:29","modified_gmt":"2018-11-02T16:57:29","slug":"prefeitura-do-cariri-oferecera-cursos-de-capacitacao-para-os-funcionarios-publicos","status":"publish","type":"post","link":"https:\/\/www.caririemacao.com\/1\/2018\/11\/02\/prefeitura-do-cariri-oferecera-cursos-de-capacitacao-para-os-funcionarios-publicos\/","title":{"rendered":"Prefeitura do Cariri oferecer\u00e1 cursos de capacita\u00e7\u00e3o para os funcion\u00e1rios p\u00fablicos"},"content":{"rendered":"<p>A Prefeitura Municipal de Camala\u00fa em parceria com a empresa Mariano &amp; Farias Assessoria e Consultoria Ltda. estar\u00e1 realizando a partir da pr\u00f3xima semana, cursos de capacita\u00e7\u00f5es com os servidores p\u00fablicos municipais, com o intuito de qualificar ainda mais os funcion\u00e1rios e a presta\u00e7\u00e3o dos servi\u00e7os p\u00fablicos.<\/p>\n<p>A meta \u00e9 capacitar todas as categorias de profissionais, come\u00e7ando pelos agentes administrativos e recepcionistas lotados nas Secretarias Municipais.<\/p>\n<p>Os participantes receber\u00e3o certificados, contribuindo, deste modo, com o enriquecimento de seus curr\u00edculos profissionais.<\/p>\n<p>O Vice-Prefeito, Ezequiel S\u00f3stenes (Kiel), um dos propriet\u00e1rios da empresa, ao lado da bacharel em Direito, Mar\u00edcia Ralline, declarou que a empresa com experi\u00eancia no oferecimento destes servi\u00e7os na Para\u00edba e em Pernambuco, estar\u00e1 disponibilizando capacita\u00e7\u00f5es sem custos para o poder p\u00fablico, estas que, ir\u00e3o abordar conceitos e pr\u00e1ticas do servi\u00e7o p\u00fablico, bem como as rela\u00e7\u00f5es institucionais, a autoestima e honestidade.<\/p>\n<p>Para o Prefeito Sandro M\u00f4co o evento demonstra a preocupa\u00e7\u00e3o da gest\u00e3o em oferecer o melhor atendimento poss\u00edvel aos camalauenses.<\/p>\n<p>Solucionar as demandas da popula\u00e7\u00e3o, com aten\u00e7\u00e3o e carinho, s\u00e3o requisitos essenciais que o nosso governo se comprometeu a fazer desde o in\u00edcio. Por isso, essa parceria, prova mais uma vez, que o nosso povo \u00e9 a prioridade da gest\u00e3o municipal.<\/p>\n<p>&nbsp;<\/p>\n<p>Ascom\/Camalau<\/p>\n","protected":false},"excerpt":{"rendered":"<p>A Prefeitura Municipal de Camala\u00fa em parceria com a empresa Mariano &amp; Farias Assessoria e Consultoria Ltda. estar\u00e1 realizando a partir da pr\u00f3xima semana, cursos&hellip; <\/p>\n","protected":false},"author":1,"featured_media":25124,"comment_status":"closed","ping_status":"closed","sticky":false,"template":"","format":"standard","meta":{"sfsi_plus_gutenberg_text_before_share":"","sfsi_plus_gutenberg_show_text_before_share":"","sfsi_plus_gutenberg_icon_type":"","sfsi_plus_gutenberg_icon_alignemt":"","sfsi_plus_gutenburg_max_per_row":"","footnotes":""},"categories":[6],"tags":[],"class_list":["post-70737","post","type-post","status-publish","format-standard","has-post-thumbnail","hentry","category-cidades"],"_links":{"self":[{"href":"https:\/\/www.caririemacao.com\/1\/wp-json\/wp\/v2\/posts\/70737","targetHints":{"allow":["GET"]}}],"collection":[{"href":"https:\/\/www.caririemacao.com\/1\/wp-json\/wp\/v2\/posts"}],"about":[{"href":"https:\/\/www.caririemacao.com\/1\/wp-json\/wp\/v2\/types\/post"}],"author":[{"embeddable":true,"href":"https:\/\/www.caririemacao.com\/1\/wp-json\/wp\/v2\/users\/1"}],"replies":[{"embeddable":true,"href":"https:\/\/www.caririemacao.com\/1\/wp-json\/wp\/v2\/comments?post=70737"}],"version-history":[{"count":1,"href":"https:\/\/www.caririemacao.com\/1\/wp-json\/wp\/v2\/posts\/70737\/revisions"}],"predecessor-version":[{"id":70738,"href":"https:\/\/www.caririemacao.com\/1\/wp-json\/wp\/v2\/posts\/70737\/revisions\/70738"}],"wp:featuredmedia":[{"embeddable":true,"href":"https:\/\/www.caririemacao.com\/1\/wp-json\/wp\/v2\/media\/25124"}],"wp:attachment":[{"href":"https:\/\/www.caririemacao.com\/1\/wp-json\/wp\/v2\/media?parent=70737"}],"wp:term":[{"taxonomy":"category","embeddable":true,"href":"https:\/\/www.caririemacao.com\/1\/wp-json\/wp\/v2\/categories?post=70737"},{"taxonomy":"post_tag","embeddable":true,"href":"https:\/\/www.caririemacao.com\/1\/wp-json\/wp\/v2\/tags?post=70737"}],"curies":[{"name":"wp","href":"https:\/\/api.w.org\/{rel}","templated":true}]}}