{"id":70739,"date":"2018-11-02T14:08:28","date_gmt":"2018-11-02T17:08:28","guid":{"rendered":"http:\/\/www.caririemacao.com\/1\/?p=70739"},"modified":"2018-11-02T14:08:28","modified_gmt":"2018-11-02T17:08:28","slug":"mostra-cultural-homenageara-20-anos-do-auto-da-compadecida-no-cariri-paraibano","status":"publish","type":"post","link":"https:\/\/www.caririemacao.com\/1\/2018\/11\/02\/mostra-cultural-homenageara-20-anos-do-auto-da-compadecida-no-cariri-paraibano\/","title":{"rendered":"Mostra cultural homenagear\u00e1 20 anos do Auto da Compadecida, no Cariri paraibano"},"content":{"rendered":"<p>Mostra cultural homenagear\u00e1 20 anos do Auto da CompadecidaA Roli\u00fade Nordestina homenagear\u00e1 a micross\u00e9rie \u2018O Auto da Compadecida\u2019, do paraibano, Ariano Suassuna, gravada na cidade de Cabaceiras, h\u00e1 20 anos. A XIV Cabaceiras Mostra Cultura ser\u00e1 realizada de 20 a 24 de novembro, com m\u00fasica, teatro, cinema, dan\u00e7a, palestras e outras atra\u00e7\u00f5es em pra\u00e7a p\u00fablica, homenageando uma das grandes obras do cinema nacional.<\/p>\n<p>O evento tem a realiza\u00e7\u00e3o da Prefeitura de Cabaceiras, atrav\u00e9s do Departamento de Cultura e Ponto de Cultura Marcas Vivas de Cabaceiras.<\/p>\n<p>De acordo com o prefeito da cidade, Tiago Castro, o evento homenageia todos os anos pessoas da sociedade que contribu\u00edram e contribuem com engrandecimento da cultura cabaceirense.\u201dAo longo dos anos v\u00e1rias pessoas foram homenageadas, e esse ano, vamos celebrar os 20 anos do Auto da Compadecida que projetou nossa cidade para o mundo\u201d, destacou Tiago.<\/p>\n<p>Em 2000, a miniss\u00e9rie foi reeditada e levada \u00e0s telas de cinema, contabilizando mais de 2 milh\u00f5es de espectadores, um marco para os padr\u00f5es brasileiros.<\/p>\n<p>O Auto da Compadecida foi reapresentada em formato de filme em janeiro de 2002, no Festival Nacional, durante a faixa noturna de programa\u00e7\u00e3o da TV Globo dedicada \u00e0 produ\u00e7\u00e3o de cinema brasileiro.<\/p>\n","protected":false},"excerpt":{"rendered":"<p>Mostra cultural homenagear\u00e1 20 anos do Auto da CompadecidaA Roli\u00fade Nordestina homenagear\u00e1 a micross\u00e9rie \u2018O Auto da Compadecida\u2019, do paraibano, Ariano Suassuna, gravada na cidade&hellip; <\/p>\n","protected":false},"author":1,"featured_media":70740,"comment_status":"closed","ping_status":"closed","sticky":false,"template":"","format":"standard","meta":{"sfsi_plus_gutenberg_text_before_share":"","sfsi_plus_gutenberg_show_text_before_share":"","sfsi_plus_gutenberg_icon_type":"","sfsi_plus_gutenberg_icon_alignemt":"","sfsi_plus_gutenburg_max_per_row":"","footnotes":""},"categories":[15],"tags":[],"class_list":["post-70739","post","type-post","status-publish","format-standard","has-post-thumbnail","hentry","category-cultura"],"_links":{"self":[{"href":"https:\/\/www.caririemacao.com\/1\/wp-json\/wp\/v2\/posts\/70739","targetHints":{"allow":["GET"]}}],"collection":[{"href":"https:\/\/www.caririemacao.com\/1\/wp-json\/wp\/v2\/posts"}],"about":[{"href":"https:\/\/www.caririemacao.com\/1\/wp-json\/wp\/v2\/types\/post"}],"author":[{"embeddable":true,"href":"https:\/\/www.caririemacao.com\/1\/wp-json\/wp\/v2\/users\/1"}],"replies":[{"embeddable":true,"href":"https:\/\/www.caririemacao.com\/1\/wp-json\/wp\/v2\/comments?post=70739"}],"version-history":[{"count":1,"href":"https:\/\/www.caririemacao.com\/1\/wp-json\/wp\/v2\/posts\/70739\/revisions"}],"predecessor-version":[{"id":70741,"href":"https:\/\/www.caririemacao.com\/1\/wp-json\/wp\/v2\/posts\/70739\/revisions\/70741"}],"wp:featuredmedia":[{"embeddable":true,"href":"https:\/\/www.caririemacao.com\/1\/wp-json\/wp\/v2\/media\/70740"}],"wp:attachment":[{"href":"https:\/\/www.caririemacao.com\/1\/wp-json\/wp\/v2\/media?parent=70739"}],"wp:term":[{"taxonomy":"category","embeddable":true,"href":"https:\/\/www.caririemacao.com\/1\/wp-json\/wp\/v2\/categories?post=70739"},{"taxonomy":"post_tag","embeddable":true,"href":"https:\/\/www.caririemacao.com\/1\/wp-json\/wp\/v2\/tags?post=70739"}],"curies":[{"name":"wp","href":"https:\/\/api.w.org\/{rel}","templated":true}]}}