{"id":70745,"date":"2018-11-02T14:22:22","date_gmt":"2018-11-02T17:22:22","guid":{"rendered":"http:\/\/www.caririemacao.com\/1\/?p=70745"},"modified":"2018-11-02T14:22:22","modified_gmt":"2018-11-02T17:22:22","slug":"divulgado-edital-de-processo-seletivo-para-vagas-em-escolas-cidadas-da-paraiba","status":"publish","type":"post","link":"https:\/\/www.caririemacao.com\/1\/2018\/11\/02\/divulgado-edital-de-processo-seletivo-para-vagas-em-escolas-cidadas-da-paraiba\/","title":{"rendered":"Divulgado edital de processo seletivo para vagas em Escolas Cidad\u00e3s da Para\u00edba"},"content":{"rendered":"<p>Divulgado nesta sexta-feira (2), o edital de processo seletivo simplificado para fun\u00e7\u00e3o de professor, coordenador pedag\u00f3gico e coordenador administrativo financeiro das Escolas Cidad\u00e3s Integrais e Escolas Cidad\u00e3s Integrais T\u00e9cnicas.<\/p>\n<p>O edital foi divulgado no\u00a0<a href=\"http:\/\/file\/\/\/C:\/Users\/WALDERICE\/Downloads\/ok%20Diario%20Oficial%2002-11-2018%201%C2%AA%20Total.pdf\" target=\"true\">Di\u00e1rio Of\u00edcial a partir da p\u00e1gina 11<\/a>.<\/p>\n<p>O processo seletivo destina-se \u00e0 sele\u00e7\u00e3o de profissionais para compor Banco de Reserva T\u00e9cnico, para atuar na fun\u00e7\u00e3o de professor na respectiva disciplina de sua \u00e1rea de forma\u00e7\u00e3o, para atua\u00e7\u00e3o na educa\u00e7\u00e3o b\u00e1sica nas Escolas Cidad\u00e3s Integrais e Escolas Cidad\u00e3s Integrais T\u00e9cnicas, da rede de educa\u00e7\u00e3o estadual da Para\u00edba composto de uma Base Curricular Comum Nacional e sua Parte Diversificada; e para fun\u00e7\u00e3o de Coordenador Pedag\u00f3gico e Coordenador Administrativo-Financeiro.<\/p>\n<p>As inscri\u00e7\u00f5es deste processo de sele\u00e7\u00e3o acontecem a partir desta sexta-feira (2),e se encerrar\u00e1 \u00e0s 23h59 do dia 20 de novembro de 2018, conforme hor\u00e1rio do Estado da Para\u00edba,<a href=\"https:\/\/sites.google.com\/view\/eciprocessoseletivo2018\/p%C3%A1gina-inicial\" target=\"true\">exclusivamente via internet<\/a>.<\/p>\n<p>A prova ser\u00e1 aplicada no dia 07 de dezembro de 2018, nos polos a serem designados posteriormente.<\/p>\n<p>&nbsp;<\/p>\n<p>Secom\/PB<\/p>\n<p>&nbsp;<\/p>\n","protected":false},"excerpt":{"rendered":"<p>Divulgado nesta sexta-feira (2), o edital de processo seletivo simplificado para fun\u00e7\u00e3o de professor, coordenador pedag\u00f3gico e coordenador administrativo financeiro das Escolas Cidad\u00e3s Integrais e&hellip; <\/p>\n","protected":false},"author":1,"featured_media":45349,"comment_status":"closed","ping_status":"closed","sticky":false,"template":"","format":"standard","meta":{"sfsi_plus_gutenberg_text_before_share":"","sfsi_plus_gutenberg_show_text_before_share":"","sfsi_plus_gutenberg_icon_type":"","sfsi_plus_gutenberg_icon_alignemt":"","sfsi_plus_gutenburg_max_per_row":"","footnotes":""},"categories":[14],"tags":[],"class_list":["post-70745","post","type-post","status-publish","format-standard","has-post-thumbnail","hentry","category-educacao"],"_links":{"self":[{"href":"https:\/\/www.caririemacao.com\/1\/wp-json\/wp\/v2\/posts\/70745","targetHints":{"allow":["GET"]}}],"collection":[{"href":"https:\/\/www.caririemacao.com\/1\/wp-json\/wp\/v2\/posts"}],"about":[{"href":"https:\/\/www.caririemacao.com\/1\/wp-json\/wp\/v2\/types\/post"}],"author":[{"embeddable":true,"href":"https:\/\/www.caririemacao.com\/1\/wp-json\/wp\/v2\/users\/1"}],"replies":[{"embeddable":true,"href":"https:\/\/www.caririemacao.com\/1\/wp-json\/wp\/v2\/comments?post=70745"}],"version-history":[{"count":1,"href":"https:\/\/www.caririemacao.com\/1\/wp-json\/wp\/v2\/posts\/70745\/revisions"}],"predecessor-version":[{"id":70746,"href":"https:\/\/www.caririemacao.com\/1\/wp-json\/wp\/v2\/posts\/70745\/revisions\/70746"}],"wp:featuredmedia":[{"embeddable":true,"href":"https:\/\/www.caririemacao.com\/1\/wp-json\/wp\/v2\/media\/45349"}],"wp:attachment":[{"href":"https:\/\/www.caririemacao.com\/1\/wp-json\/wp\/v2\/media?parent=70745"}],"wp:term":[{"taxonomy":"category","embeddable":true,"href":"https:\/\/www.caririemacao.com\/1\/wp-json\/wp\/v2\/categories?post=70745"},{"taxonomy":"post_tag","embeddable":true,"href":"https:\/\/www.caririemacao.com\/1\/wp-json\/wp\/v2\/tags?post=70745"}],"curies":[{"name":"wp","href":"https:\/\/api.w.org\/{rel}","templated":true}]}}