{"id":70756,"date":"2018-11-02T16:54:38","date_gmt":"2018-11-02T19:54:38","guid":{"rendered":"http:\/\/www.caririemacao.com\/1\/?p=70756"},"modified":"2018-11-02T16:54:38","modified_gmt":"2018-11-02T19:54:38","slug":"stf-intima-filho-de-presidente-eleito-a-se-explicar-por-denuncia-de-ameaca","status":"publish","type":"post","link":"https:\/\/www.caririemacao.com\/1\/2018\/11\/02\/stf-intima-filho-de-presidente-eleito-a-se-explicar-por-denuncia-de-ameaca\/","title":{"rendered":"STF intima filho de presidente eleito a se explicar por den\u00fancia de amea\u00e7a"},"content":{"rendered":"<div class=\"ads-980-100 hidden-sm hidden-md hidden-lg\">\n<div class=\"container-fluid\">\n<div class=\"row\">\n<div class=\"col-xs-12 col-sm-12 col-md-12 col-lg-12\"><\/div>\n<\/div>\n<\/div>\n<\/div>\n<div class=\"content\">\n<p>O deputado federal Eduardo Bolsonaro (PSL-RJ), filho do presidente eleito Jair Bolsonaro, foi notificado nesta semana a prestar esclarecimentos da den\u00fancia de amea\u00e7a a uma jornalista, formalizada no Supremo Tribunal Federal (STF) pela procuradora-geral da Rep\u00fablica, Raquel Dodge.<\/p>\n<p>O processo foi aberto pela PGR em agosto do ano passado, ap\u00f3s depoimento e conversas no aplicativo Telegram fornecidas pela jornalista Patr\u00edcia L\u00e9lis, que diz ter sido amea\u00e7ada pelo deputado ap\u00f3s desmentir publicamente que tivesse um relacionamento com ele.<\/p>\n<p>O ministro Lu\u00eds Roberto Barroso, respons\u00e1vel pelo caso no Supremo, notificou o parlamentar para que desse sua vers\u00e3o dos fatos, mas ele n\u00e3o respondeu. Em abril, a PGR apresentou den\u00fancia contra Bolsonaro. Segundo a pe\u00e7a, ele amea\u00e7ou \u201cacabar com a vida\u201d da jornalista e usou diversas palavras de baixo cal\u00e3o para se referir a ela.<\/p>\n<div id=\"attachment_521177\" class=\"wp-caption aligncenter\"><img decoding=\"async\" class=\"wp-image-521177 size-medium lazyloaded\" src=\"https:\/\/paraibaonline.com.br\/wp-content\/uploads\/2018\/11\/EDUARDO-BOLSONARO-567x378.jpg\" sizes=\"(max-width: 567px) 100vw, 567px\" srcset=\"https:\/\/paraibaonline.com.br\/wp-content\/uploads\/2018\/11\/EDUARDO-BOLSONARO-567x378.jpg 567w, https:\/\/paraibaonline.com.br\/wp-content\/uploads\/2018\/11\/EDUARDO-BOLSONARO.jpg 800w\" alt=\"Foto: ABr\" data-lazy-src=\"https:\/\/paraibaonline.com.br\/wp-content\/uploads\/2018\/11\/EDUARDO-BOLSONARO-567x378.jpg\" data-lazy-srcset=\"https:\/\/paraibaonline.com.br\/wp-content\/uploads\/2018\/11\/EDUARDO-BOLSONARO-567x378.jpg 567w, https:\/\/paraibaonline.com.br\/wp-content\/uploads\/2018\/11\/EDUARDO-BOLSONARO.jpg 800w\" data-lazy-sizes=\"(max-width: 567px) 100vw, 567px\" data-was-processed=\"true\" \/><\/p>\n<p class=\"wp-caption-text\">Foto: ABr<\/p>\n<\/div>\n<p>Na mesma ocasi\u00e3o, a PGR prop\u00f4s uma transa\u00e7\u00e3o penal, um acordo judicial para encerrar o processo mediante o pagamento de R$ 50 mil por danos morais \u00e0 jornalista, a destina\u00e7\u00e3o de 25% do sal\u00e1rio do deputado ao N\u00facleo de Atendimento a casos de viol\u00eancia dom\u00e9stica, bem como a presta\u00e7\u00e3o de 120 horas de servi\u00e7os comunit\u00e1rios.<\/p>\n<p>Barroso determinou a intima\u00e7\u00e3o de Eduardo Bolsonaro para responder \u00e0 proposta de transa\u00e7\u00e3o penal, mas por um \u201cerro de processamento\u201d o despacho s\u00f3 foi publicado em setembro. Novamente Eduardo Bolsonaro se manteve calado.<\/p>\n<p>Entretanto, como a intima\u00e7\u00e3o havia sido feita por meio de publica\u00e7\u00e3o no Di\u00e1rio Oficial da Uni\u00e3o (DOU) e o deputado n\u00e3o tem advogado o representando nos autos, Barroso determinou, em 26 de setembro, nova intima\u00e7\u00e3o do parlamentar, dessa vez pessoalmente.<\/p>\n<p>Ap\u00f3s tentativas di\u00e1rias, somente em 30 de outubro um oficial de Justi\u00e7a conseguiu intimar Eduardo Bolsonaro. Ele ter\u00e1 at\u00e9 14 de novembro para responder.<\/p>\n<p>A\u00a0<strong>Ag\u00eancia Brasil<\/strong>\u00a0ainda n\u00e3o conseguiu contato com um representante do deputado.<\/p>\n<\/div>\n","protected":false},"excerpt":{"rendered":"<p>O deputado federal Eduardo Bolsonaro (PSL-RJ), filho do presidente eleito Jair Bolsonaro, foi notificado nesta semana a prestar esclarecimentos da den\u00fancia de amea\u00e7a a uma&hellip; <\/p>\n","protected":false},"author":1,"featured_media":70757,"comment_status":"closed","ping_status":"closed","sticky":false,"template":"","format":"standard","meta":{"sfsi_plus_gutenberg_text_before_share":"","sfsi_plus_gutenberg_show_text_before_share":"","sfsi_plus_gutenberg_icon_type":"","sfsi_plus_gutenberg_icon_alignemt":"","sfsi_plus_gutenburg_max_per_row":"","footnotes":""},"categories":[11],"tags":[],"class_list":["post-70756","post","type-post","status-publish","format-standard","has-post-thumbnail","hentry","category-politica"],"_links":{"self":[{"href":"https:\/\/www.caririemacao.com\/1\/wp-json\/wp\/v2\/posts\/70756","targetHints":{"allow":["GET"]}}],"collection":[{"href":"https:\/\/www.caririemacao.com\/1\/wp-json\/wp\/v2\/posts"}],"about":[{"href":"https:\/\/www.caririemacao.com\/1\/wp-json\/wp\/v2\/types\/post"}],"author":[{"embeddable":true,"href":"https:\/\/www.caririemacao.com\/1\/wp-json\/wp\/v2\/users\/1"}],"replies":[{"embeddable":true,"href":"https:\/\/www.caririemacao.com\/1\/wp-json\/wp\/v2\/comments?post=70756"}],"version-history":[{"count":1,"href":"https:\/\/www.caririemacao.com\/1\/wp-json\/wp\/v2\/posts\/70756\/revisions"}],"predecessor-version":[{"id":70758,"href":"https:\/\/www.caririemacao.com\/1\/wp-json\/wp\/v2\/posts\/70756\/revisions\/70758"}],"wp:featuredmedia":[{"embeddable":true,"href":"https:\/\/www.caririemacao.com\/1\/wp-json\/wp\/v2\/media\/70757"}],"wp:attachment":[{"href":"https:\/\/www.caririemacao.com\/1\/wp-json\/wp\/v2\/media?parent=70756"}],"wp:term":[{"taxonomy":"category","embeddable":true,"href":"https:\/\/www.caririemacao.com\/1\/wp-json\/wp\/v2\/categories?post=70756"},{"taxonomy":"post_tag","embeddable":true,"href":"https:\/\/www.caririemacao.com\/1\/wp-json\/wp\/v2\/tags?post=70756"}],"curies":[{"name":"wp","href":"https:\/\/api.w.org\/{rel}","templated":true}]}}