{"id":70759,"date":"2018-11-02T16:57:59","date_gmt":"2018-11-02T19:57:59","guid":{"rendered":"http:\/\/www.caririemacao.com\/1\/?p=70759"},"modified":"2018-11-02T16:57:59","modified_gmt":"2018-11-02T19:57:59","slug":"unesco-lanca-campanha-de-combate-a-crimes-contra-jornalistas","status":"publish","type":"post","link":"https:\/\/www.caririemacao.com\/1\/2018\/11\/02\/unesco-lanca-campanha-de-combate-a-crimes-contra-jornalistas\/","title":{"rendered":"Unesco lan\u00e7a campanha de combate a crimes contra jornalistas"},"content":{"rendered":"<div class=\"ads-980-100 hidden-sm hidden-md hidden-lg\">\n<div class=\"container-fluid\">\n<div class=\"row\">\n<div class=\"col-xs-12 col-sm-12 col-md-12 col-lg-12\"><\/div>\n<\/div>\n<\/div>\n<\/div>\n<div class=\"content\">\n<p>No Dia Internacional pelo Fim da Impunidade dos Crimes contra Jornalistas, lembrado nesta sexta-feira (2), a Organiza\u00e7\u00e3o das Na\u00e7\u00f5es Unidas para a Educa\u00e7\u00e3o, a Ci\u00eancia e a Cultura (Unesco) promove uma campanha mundial de conscientiza\u00e7\u00e3o sobre a viol\u00eancia praticada contra profissionais de m\u00eddia.<\/p>\n<p>Segundo a Unesco, um jornalista \u00e9 assassinado a cada quatro dias no mundo, com 1.010 mortes de profissionais de m\u00eddia contabilizadas nos \u00faltimos 12 anos devido a sua atividade de querer levar informa\u00e7\u00f5es ao p\u00fablico. Ainda de acordo com a ONU, em nove de cada dez casos os assassinos ficam impunes.<\/p>\n<p>Em mensagem para a campanha deste ano, a diretora-geral da Unesco, Audrey Azoulay, destacou o aumento dos casos de ataques e ass\u00e9dio contra jornalistas mulheres. \u201c\u00c9 nossa responsabilidade garantir que os crimes contra jornalistas sejam punidos\u201d, disse. Este \u00e9 o quinto ano em que a Unesco promove a iniciativa.<\/p>\n<p>\u201cDevemos cuidar para que os jornalistas possam trabalhar em condi\u00e7\u00f5es de seguran\u00e7a, as quais permitam o florescimento de uma imprensa livre e plural. Somente em um ambiente desses n\u00f3s seremos capazes de criar sociedades justas, pac\u00edficas, e verdadeiramente progressistas\u201d, diz a mensagem.<\/p>\n<p>Em comunicado divulgado ontem (1), um grupo de especialistas independentes de direitos humanos da ONU pediu aos l\u00edderes mundiais que parem de incitar \u00f3dio e viol\u00eancia contra a m\u00eddia e garantam a puni\u00e7\u00e3o dos respons\u00e1veis por ataques.<\/p>\n<div id=\"attachment_499165\" class=\"wp-caption aligncenter\"><img decoding=\"async\" class=\"wp-image-499165 size-medium lazyloaded\" src=\"https:\/\/paraibaonline.com.br\/wp-content\/uploads\/2018\/09\/unesco-ba-567x378.jpeg\" sizes=\"(max-width: 567px) 100vw, 567px\" srcset=\"https:\/\/paraibaonline.com.br\/wp-content\/uploads\/2018\/09\/unesco-ba-567x378.jpeg 567w, https:\/\/paraibaonline.com.br\/wp-content\/uploads\/2018\/09\/unesco-ba-900x600.jpeg 900w, https:\/\/paraibaonline.com.br\/wp-content\/uploads\/2018\/09\/unesco-ba.jpeg 1024w\" alt=\"Foto: Ascom\" data-lazy-src=\"https:\/\/paraibaonline.com.br\/wp-content\/uploads\/2018\/09\/unesco-ba-567x378.jpeg\" data-lazy-srcset=\"https:\/\/paraibaonline.com.br\/wp-content\/uploads\/2018\/09\/unesco-ba-567x378.jpeg 567w, https:\/\/paraibaonline.com.br\/wp-content\/uploads\/2018\/09\/unesco-ba-900x600.jpeg 900w, https:\/\/paraibaonline.com.br\/wp-content\/uploads\/2018\/09\/unesco-ba.jpeg 1024w\" data-lazy-sizes=\"(max-width: 567px) 100vw, 567px\" data-was-processed=\"true\" \/><\/p>\n<p class=\"wp-caption-text\">Foto: Ascom<\/p>\n<\/div>\n<p>O comunicado afirma que \u201cestas \u00faltimas semanas demonstraram mais uma vez a natureza t\u00f3xica e o alcance exagerado do incentivo pol\u00edtico contra jornalistas, e exigimos que isso pare\u201d. No documento cita diretamente o caso do jornalista saudita Jamal Khashoggi, assassinado no in\u00edcio deste m\u00eas.<\/p>\n<p><strong>Brasil<\/strong><\/p>\n<p>Um dos casos mais recentes de viol\u00eancia contra comunicadores no pa\u00eds foi condenado pelo Comit\u00ea para a Prote\u00e7\u00e3o de Jornalistas (CPJ), com sede em Nova York. A organiza\u00e7\u00e3o pediu apura\u00e7\u00e3o r\u00e1pida para esclarecer o atentado contra Eduardo Braga (62 anos), propriet\u00e1rio e comentarista da R\u00e1dio Uni\u00e3o, de Jaguaruna (CE). Em 21 de setembro, ele foi baleado na perna por pistoleiros que entraram no est\u00fadio, supostamente por falar sobre quest\u00f5es pol\u00edticas locais.<\/p>\n<p>No mais recente ranking organizado pelo CPJ, divulgado no final de outubro, o Brasil aparece como um dos 14 pa\u00edses do mundo que menos pune os respons\u00e1veis pelo assassinato de jornalistas.<\/p>\n<p>De acordo com levantamento divulgado no m\u00eas passado pela Associa\u00e7\u00e3o Brasileira de Jornalismo Investigativo (Abraji), foram registrados no pa\u00eds 137 casos de agress\u00f5es contra profissionais de comunica\u00e7\u00e3o em contexto pol\u00edtico, partid\u00e1rio e eleitoral, de janeiro at\u00e9 o primeiro turno das elei\u00e7\u00f5es.<\/p>\n<p>A Associa\u00e7\u00e3o Brasileira de Emissoras de R\u00e1dio e Televis\u00e3o (Abert) contabilizou uma morte e 82 casos de viol\u00eancia contra 116 jornalistas no Brasil em 2017, segundo seu levantamento mais recente, divulgado em fevereiro.<\/p>\n<\/div>\n","protected":false},"excerpt":{"rendered":"<p>No Dia Internacional pelo Fim da Impunidade dos Crimes contra Jornalistas, lembrado nesta sexta-feira (2), a Organiza\u00e7\u00e3o das Na\u00e7\u00f5es Unidas para a Educa\u00e7\u00e3o, a Ci\u00eancia&hellip; <\/p>\n","protected":false},"author":1,"featured_media":70760,"comment_status":"closed","ping_status":"closed","sticky":false,"template":"","format":"standard","meta":{"sfsi_plus_gutenberg_text_before_share":"","sfsi_plus_gutenberg_show_text_before_share":"","sfsi_plus_gutenberg_icon_type":"","sfsi_plus_gutenberg_icon_alignemt":"","sfsi_plus_gutenburg_max_per_row":"","footnotes":""},"categories":[12],"tags":[],"class_list":["post-70759","post","type-post","status-publish","format-standard","has-post-thumbnail","hentry","category-policia"],"_links":{"self":[{"href":"https:\/\/www.caririemacao.com\/1\/wp-json\/wp\/v2\/posts\/70759","targetHints":{"allow":["GET"]}}],"collection":[{"href":"https:\/\/www.caririemacao.com\/1\/wp-json\/wp\/v2\/posts"}],"about":[{"href":"https:\/\/www.caririemacao.com\/1\/wp-json\/wp\/v2\/types\/post"}],"author":[{"embeddable":true,"href":"https:\/\/www.caririemacao.com\/1\/wp-json\/wp\/v2\/users\/1"}],"replies":[{"embeddable":true,"href":"https:\/\/www.caririemacao.com\/1\/wp-json\/wp\/v2\/comments?post=70759"}],"version-history":[{"count":1,"href":"https:\/\/www.caririemacao.com\/1\/wp-json\/wp\/v2\/posts\/70759\/revisions"}],"predecessor-version":[{"id":70761,"href":"https:\/\/www.caririemacao.com\/1\/wp-json\/wp\/v2\/posts\/70759\/revisions\/70761"}],"wp:featuredmedia":[{"embeddable":true,"href":"https:\/\/www.caririemacao.com\/1\/wp-json\/wp\/v2\/media\/70760"}],"wp:attachment":[{"href":"https:\/\/www.caririemacao.com\/1\/wp-json\/wp\/v2\/media?parent=70759"}],"wp:term":[{"taxonomy":"category","embeddable":true,"href":"https:\/\/www.caririemacao.com\/1\/wp-json\/wp\/v2\/categories?post=70759"},{"taxonomy":"post_tag","embeddable":true,"href":"https:\/\/www.caririemacao.com\/1\/wp-json\/wp\/v2\/tags?post=70759"}],"curies":[{"name":"wp","href":"https:\/\/api.w.org\/{rel}","templated":true}]}}