{"id":70762,"date":"2018-11-02T17:06:19","date_gmt":"2018-11-02T20:06:19","guid":{"rendered":"http:\/\/www.caririemacao.com\/1\/?p=70762"},"modified":"2018-11-02T17:06:19","modified_gmt":"2018-11-02T20:06:19","slug":"perfis-que-reunem-eleitores-de-bolsonaro-arrependidos-bombam-na-internet-confira-relatos","status":"publish","type":"post","link":"https:\/\/www.caririemacao.com\/1\/2018\/11\/02\/perfis-que-reunem-eleitores-de-bolsonaro-arrependidos-bombam-na-internet-confira-relatos\/","title":{"rendered":"Perfis que re\u00fanem eleitores de Bolsonaro \u2018arrependidos\u2019 bombam na internet; confira relatos"},"content":{"rendered":"<p>O presidente do Brasil foi eleito no \u00faltimo domingo (28), e \u00e9 Jair Bolsonaro (PSL). Com bandeiras como \u201canti corrup\u00e7\u00e3o\u201d, o capit\u00e3o reformado do ex\u00e9rcito conquistou\u00a0<span class=\"c-elections-vote\">57.797.847 votos (5<\/span>5,13%). Entretanto, menos de 48 horas depois, a\u00e7\u00f5es de Bolsonaro geraram certos tipos de revolta nas redes sociais por parte de seus pr\u00f3prios eleitores.<\/p>\n<p>Alguns eleitores n\u00e3o aceitaram medidas como ter Onyx Lorenzoni (DEM) como ministro da Casa Civil. Em 2016, ele admitiu ter recebido R$ 100 mil por meio de caixa 2 do frigor\u00edfico JBS, de propriedade de Joesley Batista. O dinheiro ilegal foi revelado em dela\u00e7\u00e3o, que ajudou a embasar den\u00fancia da PGR contra Michel Temer. Outra pequena revolta foi acerca de um v\u00eddeo que circulou, onde Bolsonaro, durante a campanha, faz um convite para Alberto Fraga (DEM) liderar sua bancada. Fraga foi condenado a 4 anos de pris\u00e3o por corrup\u00e7\u00e3o ativa.<\/p>\n<p>Coment\u00e1rios questionadores, raivosos, negativos e at\u00e9 revoltados tomaram conta das redes sociais de Bolsonaro. Na onda do \u201carrependimento\u201d \u00e9 que surgiram perfis como \u201cBolsoRegrets\u201d e \u201cJair Me Arrependi\u201d, ambos no Twitter. Em menos de 48 horas de atua\u00e7\u00e3o constante, os perfis somam quase 64 mil e 83 mil seguidores, respectivamente.<\/p>\n<p><strong>Confira algumas publica\u00e7\u00f5es:<\/strong><\/p>\n<div class=\"SandboxRoot is-touch env-bp-min\" data-twitter-event-id=\"0\">\n<div id=\"twitter-widget-0\" class=\"EmbeddedTweet EmbeddedTweet--mediaForward media-forward js-clickToOpenTarget js-tweetIdInfo tweet-InformationCircle-widgetParent\" lang=\"pt\" data-click-to-open-target=\"https:\/\/twitter.com\/bolsoregrets\/status\/1058088721038233600\" data-iframe-title=\"Tweet do Twitter\" data-scribe=\"page:tweet\" data-tweet-id=\"1058088721038233600\" data-twitter-event-id=\"13\">\n<article class=\"MediaCard\n           MediaCard--mediaForward\n\n           customisable-border\" dir=\"ltr\" data-scribe=\"component:card\"><\/p>\n<div class=\"MediaCard-media\" data-scribe=\"element:photo\"><span class=\"u-hiddenVisually\">Ver imagem no Twitter<\/span><\/p>\n<div class=\"MediaCard-widthConstraint js-cspForcedStyle\" data-style=\"max-width: 932px\">\n<div class=\"MediaCard-mediaContainer js-cspForcedStyle\" data-style=\"padding-bottom: 100.0000%\"><a class=\"MediaCard-mediaAsset NaturalImage\" href=\"https:\/\/twitter.com\/bolsoregrets\/status\/1058088721038233600\/photo\/1\"><img fetchpriority=\"high\" decoding=\"async\" class=\"NaturalImage-image\" title=\"Ver imagem no Twitter\" src=\"https:\/\/pbs.twimg.com\/media\/Dq8WFBCVYAA5zl8?format=jpg&amp;name=900x900\" alt=\"Ver imagem no Twitter\" width=\"932\" height=\"1200\" data-image=\"https:\/\/pbs.twimg.com\/media\/Dq8WFBCVYAA5zl8\" \/><\/a><\/div>\n<\/div>\n<\/div>\n<\/article>\n<div class=\"EmbeddedTweet-tweetContainer\">\n<div class=\"EmbeddedTweet-tweet\">\n<blockquote class=\"Tweet h-entry js-tweetIdInfo subject expanded\" cite=\"https:\/\/twitter.com\/bolsoregrets\/status\/1058088721038233600\" data-tweet-id=\"1058088721038233600\" data-scribe=\"section:subject\">\n<div class=\"Tweet-header\">\n<div class=\"TweetAuthor js-inViewportScribingTarget\" data-scribe=\"component:author\"><\/div>\n<\/div>\n<\/blockquote>\n<\/div>\n<\/div>\n<\/div>\n<\/div>\n<div class=\"SandboxRoot is-touch env-bp-min\" data-twitter-event-id=\"7\">\n<div id=\"twitter-widget-7\" class=\"EmbeddedTweet EmbeddedTweet--mediaForward media-forward js-clickToOpenTarget js-tweetIdInfo tweet-InformationCircle-widgetParent\" lang=\"pt\" data-click-to-open-target=\"https:\/\/twitter.com\/bolsoregrets\/status\/1057835882537832448\" data-iframe-title=\"Tweet do Twitter\" data-scribe=\"page:tweet\" data-tweet-id=\"1057835882537832448\" data-twitter-event-id=\"9\">\n<article class=\"MediaCard\n           MediaCard--mediaForward\n\n           customisable-border\" dir=\"ltr\" data-scribe=\"component:card\"><\/p>\n<div class=\"MediaCard-media\" data-scribe=\"element:photo\">\n<div class=\"MediaCard-widthConstraint js-cspForcedStyle\" data-style=\"max-width: 940px\">\n<div class=\"MediaCard-mediaContainer js-cspForcedStyle\" data-style=\"padding-bottom: 100.0000%\"><a class=\"MediaCard-mediaAsset NaturalImage\" href=\"https:\/\/twitter.com\/bolsoregrets\/status\/1057835882537832448\/photo\/1\"><img decoding=\"async\" class=\"NaturalImage-image\" title=\"Ver imagem no Twitter\" src=\"https:\/\/pbs.twimg.com\/media\/Dq4wH5xU8AAbJQQ?format=jpg&amp;name=900x900\" alt=\"Ver imagem no Twitter\" width=\"940\" height=\"1200\" data-image=\"https:\/\/pbs.twimg.com\/media\/Dq4wH5xU8AAbJQQ\" \/><\/a><\/div>\n<\/div>\n<\/div>\n<\/article>\n<div class=\"EmbeddedTweet-tweetContainer\">\n<div class=\"EmbeddedTweet-tweet\">\n<blockquote class=\"Tweet h-entry js-tweetIdInfo subject expanded\" cite=\"https:\/\/twitter.com\/bolsoregrets\/status\/1057835882537832448\" data-tweet-id=\"1057835882537832448\" data-scribe=\"section:subject\">\n<div class=\"Tweet-header\">\n<div class=\"TweetAuthor js-inViewportScribingTarget\" data-scribe=\"component:author\">\n<div class=\"TweetAuthor-nameScreenNameContainer\">Blog do Gordinho<\/div>\n<\/div>\n<\/div>\n<\/blockquote>\n<\/div>\n<\/div>\n<\/div>\n<\/div>\n","protected":false},"excerpt":{"rendered":"<p>O presidente do Brasil foi eleito no \u00faltimo domingo (28), e \u00e9 Jair Bolsonaro (PSL). Com bandeiras como \u201canti corrup\u00e7\u00e3o\u201d, o capit\u00e3o reformado do ex\u00e9rcito&hellip; <\/p>\n","protected":false},"author":1,"featured_media":55613,"comment_status":"closed","ping_status":"closed","sticky":false,"template":"","format":"standard","meta":{"sfsi_plus_gutenberg_text_before_share":"","sfsi_plus_gutenberg_show_text_before_share":"","sfsi_plus_gutenberg_icon_type":"","sfsi_plus_gutenberg_icon_alignemt":"","sfsi_plus_gutenburg_max_per_row":"","footnotes":""},"categories":[1],"tags":[],"class_list":["post-70762","post","type-post","status-publish","format-standard","has-post-thumbnail","hentry","category-o-site"],"_links":{"self":[{"href":"https:\/\/www.caririemacao.com\/1\/wp-json\/wp\/v2\/posts\/70762","targetHints":{"allow":["GET"]}}],"collection":[{"href":"https:\/\/www.caririemacao.com\/1\/wp-json\/wp\/v2\/posts"}],"about":[{"href":"https:\/\/www.caririemacao.com\/1\/wp-json\/wp\/v2\/types\/post"}],"author":[{"embeddable":true,"href":"https:\/\/www.caririemacao.com\/1\/wp-json\/wp\/v2\/users\/1"}],"replies":[{"embeddable":true,"href":"https:\/\/www.caririemacao.com\/1\/wp-json\/wp\/v2\/comments?post=70762"}],"version-history":[{"count":1,"href":"https:\/\/www.caririemacao.com\/1\/wp-json\/wp\/v2\/posts\/70762\/revisions"}],"predecessor-version":[{"id":70763,"href":"https:\/\/www.caririemacao.com\/1\/wp-json\/wp\/v2\/posts\/70762\/revisions\/70763"}],"wp:featuredmedia":[{"embeddable":true,"href":"https:\/\/www.caririemacao.com\/1\/wp-json\/wp\/v2\/media\/55613"}],"wp:attachment":[{"href":"https:\/\/www.caririemacao.com\/1\/wp-json\/wp\/v2\/media?parent=70762"}],"wp:term":[{"taxonomy":"category","embeddable":true,"href":"https:\/\/www.caririemacao.com\/1\/wp-json\/wp\/v2\/categories?post=70762"},{"taxonomy":"post_tag","embeddable":true,"href":"https:\/\/www.caririemacao.com\/1\/wp-json\/wp\/v2\/tags?post=70762"}],"curies":[{"name":"wp","href":"https:\/\/api.w.org\/{rel}","templated":true}]}}