{"id":70768,"date":"2018-11-02T18:59:22","date_gmt":"2018-11-02T21:59:22","guid":{"rendered":"http:\/\/www.caririemacao.com\/1\/?p=70768"},"modified":"2018-11-02T19:00:30","modified_gmt":"2018-11-02T22:00:30","slug":"pastor-paraibano-integrara-equipe-de-bolsonaro-os-olhos-do-governo-estarao-voltados-para-a-pb","status":"publish","type":"post","link":"https:\/\/www.caririemacao.com\/1\/2018\/11\/02\/pastor-paraibano-integrara-equipe-de-bolsonaro-os-olhos-do-governo-estarao-voltados-para-a-pb\/","title":{"rendered":"Pastor paraibano integrar\u00e1 equipe de Bolsonaro: &#8216;os olhos do Governo estar\u00e3o voltados para a PB&#8217;"},"content":{"rendered":"<div class=\"noticiacorpo\">\n<p>S\u00e9rgio Queiroz, procurador da Fazenda Nacional desde 1993, tem motivos para guardar 2018 e essa semana na mem\u00f3ria: no intervalo, ele foi homenageado em Bras\u00edlia pelo jubileu de prata pelos 25 anos no cargo e indicado para equipe de transi\u00e7\u00e3o do presidente eleito Jair Bolsonaro (PSL).<\/p>\n<p>Ao Blog, S\u00e9rgio n\u00e3o escondeu o contentamento: \u201cNa semana em que fui normando com o jubileu de prata no servi\u00e7o p\u00fablico federal, passando por tr\u00eas cargos por concurso, senti-me profundamente honrado por tamanha miss\u00e3o. Continuarei dando o melhor pelo meu Pa\u00eds\u201d.<\/p>\n<p>Queiroz esteve com Bolsonaro antes da elei\u00e7\u00e3o, \u201cem algumas oportunidades\u201d, quando compartilhou ideias e pontos de vista em raz\u00e3o de sua experi\u00eancia no servi\u00e7o p\u00fablico.<\/p>\n<p>O procurador \u00e9 um dos tr\u00eas paraibanos a integrar a equipe de transi\u00e7\u00e3o de Bolsonaro. Al\u00e9m dele, Julian Lemos, deputado federal eleito, e um advogado \u2013 ainda n\u00e3o anunciado, est\u00e3o na lista.<\/p>\n<p>\u201cRecebo essa miss\u00e3o com muita humildade e quebrantamento. Saberei os detalhes da fun\u00e7\u00e3o que desempenharei na equipe, em Bras\u00edlia, mas meu papel \u00e9 de colaborador. Minha miss\u00e3o ser\u00e1 t\u00e9cnica e n\u00e3o pol\u00edtica. Tive conversas gen\u00e9ricas com Jair Bolsonaro, nos \u00faltimos dois anos, \u00e9 sabemos que os olhos do Governo Federal estar\u00e3o voltados para Para\u00edba\u201d, arrematou.<\/p>\n<\/div>\n<p class=\"noticia_fonte\"><strong>Heron Cid<\/strong><\/p>\n","protected":false},"excerpt":{"rendered":"<p>S\u00e9rgio Queiroz, procurador da Fazenda Nacional desde 1993, tem motivos para guardar 2018 e essa semana na mem\u00f3ria: no intervalo, ele foi homenageado em Bras\u00edlia&hellip; <\/p>\n","protected":false},"author":1,"featured_media":70769,"comment_status":"closed","ping_status":"closed","sticky":false,"template":"","format":"standard","meta":{"sfsi_plus_gutenberg_text_before_share":"","sfsi_plus_gutenberg_show_text_before_share":"","sfsi_plus_gutenberg_icon_type":"","sfsi_plus_gutenberg_icon_alignemt":"","sfsi_plus_gutenburg_max_per_row":"","footnotes":""},"categories":[11],"tags":[],"class_list":["post-70768","post","type-post","status-publish","format-standard","has-post-thumbnail","hentry","category-politica"],"_links":{"self":[{"href":"https:\/\/www.caririemacao.com\/1\/wp-json\/wp\/v2\/posts\/70768","targetHints":{"allow":["GET"]}}],"collection":[{"href":"https:\/\/www.caririemacao.com\/1\/wp-json\/wp\/v2\/posts"}],"about":[{"href":"https:\/\/www.caririemacao.com\/1\/wp-json\/wp\/v2\/types\/post"}],"author":[{"embeddable":true,"href":"https:\/\/www.caririemacao.com\/1\/wp-json\/wp\/v2\/users\/1"}],"replies":[{"embeddable":true,"href":"https:\/\/www.caririemacao.com\/1\/wp-json\/wp\/v2\/comments?post=70768"}],"version-history":[{"count":2,"href":"https:\/\/www.caririemacao.com\/1\/wp-json\/wp\/v2\/posts\/70768\/revisions"}],"predecessor-version":[{"id":70772,"href":"https:\/\/www.caririemacao.com\/1\/wp-json\/wp\/v2\/posts\/70768\/revisions\/70772"}],"wp:featuredmedia":[{"embeddable":true,"href":"https:\/\/www.caririemacao.com\/1\/wp-json\/wp\/v2\/media\/70769"}],"wp:attachment":[{"href":"https:\/\/www.caririemacao.com\/1\/wp-json\/wp\/v2\/media?parent=70768"}],"wp:term":[{"taxonomy":"category","embeddable":true,"href":"https:\/\/www.caririemacao.com\/1\/wp-json\/wp\/v2\/categories?post=70768"},{"taxonomy":"post_tag","embeddable":true,"href":"https:\/\/www.caririemacao.com\/1\/wp-json\/wp\/v2\/tags?post=70768"}],"curies":[{"name":"wp","href":"https:\/\/api.w.org\/{rel}","templated":true}]}}