{"id":70771,"date":"2018-11-02T19:06:45","date_gmt":"2018-11-02T22:06:45","guid":{"rendered":"http:\/\/www.caririemacao.com\/1\/?p=70771"},"modified":"2018-11-02T19:06:45","modified_gmt":"2018-11-02T22:06:45","slug":"tite-assume-risco-de-demissao-e-ve-copa-america-como-obrigacao","status":"publish","type":"post","link":"https:\/\/www.caririemacao.com\/1\/2018\/11\/02\/tite-assume-risco-de-demissao-e-ve-copa-america-como-obrigacao\/","title":{"rendered":"Tite assume risco de demiss\u00e3o e v\u00ea Copa Am\u00e9rica como obriga\u00e7\u00e3o"},"content":{"rendered":"<p>Ap\u00f3s a elimina\u00e7\u00e3o na Copa do Mundo da R\u00fassia, um novo ciclo se iniciou na Sele\u00e7\u00e3o Brasileira. O t\u00e9cnico Tite tem trabalhado para reconstruir o plantel, que passa por uma fase de transi\u00e7\u00e3o, j\u00e1 n\u00e3o contando com parte dos jogadores que fizeram parte do projeto para o Mundial deste ano.<\/p>\n<p>E as mudan\u00e7as n\u00e3o s\u00e3o apenas relacionadas \u00e0s pe\u00e7as, mas tamb\u00e9m ao jeito de jogar. O comandante tem testado algumas varia\u00e7\u00f5es t\u00e1ticas, j\u00e1 pensando na disputa da Copa Am\u00e9rica em 2019.<\/p>\n<p>\u201cNa Copa, quando enfrentamos o M\u00e9xico do Osorio, que \u00e9 um time dif\u00edcil de enfrentar, por que o alarga o time, afunda, provoca\u2026 Sa\u00edmos jogando com press\u00e3o adiantada deles, demos 11 toques e fizemos um gol. \u00c9 uma ideia que se acredita. Se fizer de forma diferente vou estar contra meus princ\u00edpios\u201d, relembrou, em entrevista ao programa Reda\u00e7\u00e3o SporTV, admitindo a possibilidade de demiss\u00e3o caso os resultados n\u00e3o apare\u00e7am.<\/p>\n<div id=\"attachment_521206\" class=\"wp-caption aligncenter\"><img decoding=\"async\" class=\"wp-image-521206 size-medium lazyloaded\" src=\"https:\/\/paraibaonline.com.br\/wp-content\/uploads\/2018\/11\/tite-567x378.jpg\" sizes=\"(max-width: 567px) 100vw, 567px\" srcset=\"https:\/\/paraibaonline.com.br\/wp-content\/uploads\/2018\/11\/tite-567x378.jpg 567w, https:\/\/paraibaonline.com.br\/wp-content\/uploads\/2018\/11\/tite.jpg 800w\" alt=\"Foto: Lucas Figueiredo\/CBF)\" data-lazy-src=\"https:\/\/paraibaonline.com.br\/wp-content\/uploads\/2018\/11\/tite-567x378.jpg\" data-lazy-srcset=\"https:\/\/paraibaonline.com.br\/wp-content\/uploads\/2018\/11\/tite-567x378.jpg 567w, https:\/\/paraibaonline.com.br\/wp-content\/uploads\/2018\/11\/tite.jpg 800w\" data-lazy-sizes=\"(max-width: 567px) 100vw, 567px\" data-was-processed=\"true\" \/><\/p>\n<p class=\"wp-caption-text\">Foto: Lucas Figueiredo\/CBF)<\/p>\n<\/div>\n<p>\u201cTem necessidade (de resultado), mas tem antes a busca do desempenho. Vai ter goleiro saindo jogando, vai ter sa\u00edda com sete, que \u00e9 a sa\u00edda sustentada, vai ter constru\u00e7\u00e3o com bola chegando no Neymar pelo ch\u00e3o, n\u00e3o pelo alto. Se vier a ganhar, \u00f3timo. Mas vai correr o risco de perder e ser demitido, sim\u201d, completou.<\/p>\n<p class=\"selectionShareable\">Ainda em refer\u00eancia \u00e0 busca por resultados positivos e desempenhos satisfat\u00f3rios, Tite reconheceu a obriga\u00e7\u00e3o da Amarelinha em vencer a Copa Am\u00e9rica, que, inclusive, ser\u00e1 sediada no Brasil. A import\u00e2ncia de um t\u00edtulo, em casa, \u00e9 enorme para a sequ\u00eancia do trabalho.<\/p>\n<p class=\"selectionShareable\">\u201cTem que ganhar. Tem que estar sempre assim. A sele\u00e7\u00e3o brasileira te exige isso. N\u00e3o sou nenhum puritano, nem Poliana, para n\u00e3o saber que \u00e9 preciso ter desempenho e resultado. Resultado antes de desempenho. Por que desempenho sempre vou ficar atento a ele, aumenta a possibilidade de vencer. Mas n\u00f3s trouxemos essa carga, inclusive, pelo que fizemos antes. Mas a Sele\u00e7\u00e3o esteve abaixo da minha expectativa\u201d, apontou.<\/p>\n<p class=\"selectionShareable\">Na semana passada, o t\u00e9cnico divulgou a lista de 23 jogadores que constituir\u00e3o o plantel da Sele\u00e7\u00e3o Brasileira nos dois amistosos que disputar\u00e1 em novembro. No dia 16, o Brasil encara o Uruguai, enquanto, no dia 20, o advers\u00e1rio ser\u00e1 Camar\u00f5es. Ambas as partidas ser\u00e3o realizadas em Londres, na Inglaterra.<\/p>\n<p>Gazeta Esportiva<\/p>\n","protected":false},"excerpt":{"rendered":"<p>Ap\u00f3s a elimina\u00e7\u00e3o na Copa do Mundo da R\u00fassia, um novo ciclo se iniciou na Sele\u00e7\u00e3o Brasileira. O t\u00e9cnico Tite tem trabalhado para reconstruir o&hellip; <\/p>\n","protected":false},"author":1,"featured_media":51069,"comment_status":"closed","ping_status":"closed","sticky":false,"template":"","format":"standard","meta":{"sfsi_plus_gutenberg_text_before_share":"","sfsi_plus_gutenberg_show_text_before_share":"","sfsi_plus_gutenberg_icon_type":"","sfsi_plus_gutenberg_icon_alignemt":"","sfsi_plus_gutenburg_max_per_row":"","footnotes":""},"categories":[13],"tags":[],"class_list":["post-70771","post","type-post","status-publish","format-standard","has-post-thumbnail","hentry","category-esportes"],"_links":{"self":[{"href":"https:\/\/www.caririemacao.com\/1\/wp-json\/wp\/v2\/posts\/70771","targetHints":{"allow":["GET"]}}],"collection":[{"href":"https:\/\/www.caririemacao.com\/1\/wp-json\/wp\/v2\/posts"}],"about":[{"href":"https:\/\/www.caririemacao.com\/1\/wp-json\/wp\/v2\/types\/post"}],"author":[{"embeddable":true,"href":"https:\/\/www.caririemacao.com\/1\/wp-json\/wp\/v2\/users\/1"}],"replies":[{"embeddable":true,"href":"https:\/\/www.caririemacao.com\/1\/wp-json\/wp\/v2\/comments?post=70771"}],"version-history":[{"count":1,"href":"https:\/\/www.caririemacao.com\/1\/wp-json\/wp\/v2\/posts\/70771\/revisions"}],"predecessor-version":[{"id":70773,"href":"https:\/\/www.caririemacao.com\/1\/wp-json\/wp\/v2\/posts\/70771\/revisions\/70773"}],"wp:featuredmedia":[{"embeddable":true,"href":"https:\/\/www.caririemacao.com\/1\/wp-json\/wp\/v2\/media\/51069"}],"wp:attachment":[{"href":"https:\/\/www.caririemacao.com\/1\/wp-json\/wp\/v2\/media?parent=70771"}],"wp:term":[{"taxonomy":"category","embeddable":true,"href":"https:\/\/www.caririemacao.com\/1\/wp-json\/wp\/v2\/categories?post=70771"},{"taxonomy":"post_tag","embeddable":true,"href":"https:\/\/www.caririemacao.com\/1\/wp-json\/wp\/v2\/tags?post=70771"}],"curies":[{"name":"wp","href":"https:\/\/api.w.org\/{rel}","templated":true}]}}