{"id":70774,"date":"2018-11-02T19:13:03","date_gmt":"2018-11-02T22:13:03","guid":{"rendered":"http:\/\/www.caririemacao.com\/1\/?p=70774"},"modified":"2018-11-02T19:13:03","modified_gmt":"2018-11-02T22:13:03","slug":"bandidos-arrombam-lojas-no-mercado-publico-de-serra-branca","status":"publish","type":"post","link":"https:\/\/www.caririemacao.com\/1\/2018\/11\/02\/bandidos-arrombam-lojas-no-mercado-publico-de-serra-branca\/","title":{"rendered":"Bandidos arrombam lojas no mercado p\u00fablico de Serra Branca"},"content":{"rendered":"<p>Tr\u00eas lojas do Mercado P\u00fablico localizado no centro da cidade de Serra Branca -PB, foram arrombadas na madrugada desta sexta-feira, dia 02 de novembro. Os estabelecimentos foram encontrados com os trincos e fechaduras quebrados e revirados no in\u00edcio da manh\u00e3 desta sexta-feira, pelos funcion\u00e1rios e propriet\u00e1rios das lojas.<\/p>\n<p>Conforme os respons\u00e1veis pelas lojas, foram arrombadas as lojas dos propriet\u00e1rios Jo\u00e3o do Bolo, Sandra da Verdura e Selina Braz. Segundo apurado pela reportagem, pequenas quantias foram roubados em duas das lojas. J\u00e1 na loja do propriet\u00e1rio Jo\u00e3o do Bolo, uma quantia de mais de R$ 700 Reais e um carregador de celular foram levados pelos ladr\u00f5es.<\/p>\n<p>Apesar do feriado de Finados, v\u00e1rias lojas foram abertas no mercado publico de Serra Branca. Em conversa com Alexsandro Costa, filho de Jo\u00e3o do Bolo, propriet\u00e1rio de uma das lojas arrombadas. O arrombamento deve ter acontecido antes d\u00e1s 3:30h da manh\u00e3, j\u00e1 que seu pai e demais donos das lojas do mercado p\u00fablico, costumam chegar pela madrugada para abrir os seus empreendimentos.<\/p>\n<p>Segundo ainda Alexsandro Costa, \u201ca falta de seguran\u00e7a j\u00e1 \u00e9 uma caso eminente no centro da cidade, pois v\u00eam acontecendo casos como esses na cidade e nada \u00e9 feito pelas autoridades competentes\u201d. Ap\u00f3s o incidente, os comerciantes do mercado fizeram um apelo as autoridades, para a volta da instala\u00e7\u00e3o das c\u00e2meras de monitoramento que estavam fixadas em pontos estrat\u00e9gicos no centro de Serra Branca.<\/p>\n<p>De Olho no Cariri<\/p>\n","protected":false},"excerpt":{"rendered":"<p>Tr\u00eas lojas do Mercado P\u00fablico localizado no centro da cidade de Serra Branca -PB, foram arrombadas na madrugada desta sexta-feira, dia 02 de novembro. Os&hellip; <\/p>\n","protected":false},"author":1,"featured_media":70776,"comment_status":"closed","ping_status":"closed","sticky":false,"template":"","format":"standard","meta":{"sfsi_plus_gutenberg_text_before_share":"","sfsi_plus_gutenberg_show_text_before_share":"","sfsi_plus_gutenberg_icon_type":"","sfsi_plus_gutenberg_icon_alignemt":"","sfsi_plus_gutenburg_max_per_row":"","footnotes":""},"categories":[12],"tags":[],"class_list":["post-70774","post","type-post","status-publish","format-standard","has-post-thumbnail","hentry","category-policia"],"_links":{"self":[{"href":"https:\/\/www.caririemacao.com\/1\/wp-json\/wp\/v2\/posts\/70774","targetHints":{"allow":["GET"]}}],"collection":[{"href":"https:\/\/www.caririemacao.com\/1\/wp-json\/wp\/v2\/posts"}],"about":[{"href":"https:\/\/www.caririemacao.com\/1\/wp-json\/wp\/v2\/types\/post"}],"author":[{"embeddable":true,"href":"https:\/\/www.caririemacao.com\/1\/wp-json\/wp\/v2\/users\/1"}],"replies":[{"embeddable":true,"href":"https:\/\/www.caririemacao.com\/1\/wp-json\/wp\/v2\/comments?post=70774"}],"version-history":[{"count":1,"href":"https:\/\/www.caririemacao.com\/1\/wp-json\/wp\/v2\/posts\/70774\/revisions"}],"predecessor-version":[{"id":70777,"href":"https:\/\/www.caririemacao.com\/1\/wp-json\/wp\/v2\/posts\/70774\/revisions\/70777"}],"wp:featuredmedia":[{"embeddable":true,"href":"https:\/\/www.caririemacao.com\/1\/wp-json\/wp\/v2\/media\/70776"}],"wp:attachment":[{"href":"https:\/\/www.caririemacao.com\/1\/wp-json\/wp\/v2\/media?parent=70774"}],"wp:term":[{"taxonomy":"category","embeddable":true,"href":"https:\/\/www.caririemacao.com\/1\/wp-json\/wp\/v2\/categories?post=70774"},{"taxonomy":"post_tag","embeddable":true,"href":"https:\/\/www.caririemacao.com\/1\/wp-json\/wp\/v2\/tags?post=70774"}],"curies":[{"name":"wp","href":"https:\/\/api.w.org\/{rel}","templated":true}]}}