{"id":70960,"date":"2018-11-05T07:10:36","date_gmt":"2018-11-05T10:10:36","guid":{"rendered":"http:\/\/www.caririemacao.com\/1\/?p=70960"},"modified":"2018-11-05T07:10:36","modified_gmt":"2018-11-05T10:10:36","slug":"sai-primeira-decisao-no-brasil-para-uso-de-cannabis-contra-depressao","status":"publish","type":"post","link":"https:\/\/www.caririemacao.com\/1\/2018\/11\/05\/sai-primeira-decisao-no-brasil-para-uso-de-cannabis-contra-depressao\/","title":{"rendered":"Sai primeira decis\u00e3o no Brasil para uso de cannabis contra depress\u00e3o"},"content":{"rendered":"<p>Uma moradora do Rio Grande do Norte conseguiu pela primeira vez no Brasil uma decis\u00e3o federal favor\u00e1vel ao cultivo e porte de cannabis para tratamento contra depress\u00e3o.<\/p>\n<p>A senten\u00e7a foi dada pela Justi\u00e7a Federal e garante salvo-conduto para a paciente e sua filha, o que impede que elas sejam presas e autuadas pelo crime de tr\u00e1fico.<\/p>\n<p>A senten\u00e7a foi dada pelo juiz federal M\u00e1rio Azevedo Jambo, o mesmo que ficou conhecido por sentenciar jovens condenados a lerem na pris\u00e3o como forma de obter redu\u00e7\u00e3o de suas penas.<\/p>\n<p>O pedido foi feito em 23 de outubro deste ano e requeria tramita\u00e7\u00e3o priorit\u00e1ria. No documento \u00e9 argumentado que a mulher de 59 anos come\u00e7ou a ter depress\u00e3o a partir de 2014. E que esse quadro foi piorando at\u00e9 que em 2015 ela j\u00e1 n\u00e3o conseguia mais trabalhar e passou a sofrer tamb\u00e9m de um grave dist\u00farbio de sono.<\/p>\n<p>Em 2017, um m\u00e9dico lhe informou que ela poderia ter alguma melhora por meio de tratamento com cannabis. Mesmo tendo um pouco de preconceito, ela resolveu testar.<\/p>\n<p>E descobriu que a cannabis n\u00e3o lhe trazia as rea\u00e7\u00f5es dos antidepressivos, sua apetite melhorou e a ins\u00f4nia foi reduzida. Ainda em 2017, tanto ela quanto sua fam\u00edlia observaram uma melhora significativa no seu quadro de sa\u00fade.<\/p>\n<p>Ela ent\u00e3o passou estudar melhor a quest\u00e3o e viu que era poss\u00edvel cultivar a planta e extrair dela o \u00f3leo vegetal usado no seu tratamento, de forma barata e com resultados satisfat\u00f3rios e eficazes.<\/p>\n<h5>Cultivo e uso da cannabis medicinal ainda \u00e9 arriscado<\/h5>\n<p>Mas um problema ainda se mantinha: a cannabis ainda tem sua utiliza\u00e7\u00e3o proibida pela Lei Federal 11.343\/2006. Em geral, pessoas flagradas cultivando \u2013 mesmo que em pequena quantidades e para uso medicinal \u2013 s\u00e3o enquadradas pelo crime de tr\u00e1fico de entorpecentes.<\/p>\n<p>O salvo-conduto pedido era exatamente para evitar isso. Com sua concess\u00e3o, as pol\u00edcias Federal, Civil e Militar ficam impedidas de aplicar contra a paciente e sua filha as a\u00e7\u00f5es previstas contra traficantes de verdade.<\/p>\n<p>O juiz M\u00e1rio Jambo especificou ainda na sua decis\u00e3o que o uso da subst\u00e2ncia \u00e9 pessoal e intransfer\u00edvel apenas pela mulher que sofre de depress\u00e3o. O salvo-conduto foi expedido dia 31 de outubro.<\/p>\n<h5>Ao todo, h\u00e1 27 decis\u00f5es semelhantes no Brasil<\/h5>\n<p>Um dos tr\u00eas advogados que assinaram a peti\u00e7\u00e3o, Gabriel Bulh\u00f5es N\u00f3brega Dias, explicou que j\u00e1 existem 27 decis\u00f5es para uso medicinal da cannabis no Brasil. No Rio Grande do Norte, agora, s\u00e3o duas.<\/p>\n<p>\u201cEsse \u00e9 o segundo caso do estado e o primeiro do Brasil para curar uma pessoa doente com depress\u00e3o. O primeiro do RN foi um caso tamb\u00e9m nosso, para tratar uma pessoa idosa que possui mal de Parkinson\u201d, explicou.<\/p>\n<p>Al\u00e9m dele, tamb\u00e9m assinaram a peti\u00e7\u00e3o os advogados Ubaldo On\u00e9sio de Ara\u00fajo Silva Filho e Em\u00edlio Nabas Figueiredo. De acordo com Gabriel Bulh\u00f5es, a expedi\u00e7\u00e3o do salvo-conduto \u00e9 uma vit\u00f3ria n\u00e3o s\u00f3 para quem faz uso medicinal da cannabis.<\/p>\n<p>\u201cDecis\u00f5es como essa v\u00eam se somar numa mudan\u00e7a cultural no meio social, pol\u00edtico, econ\u00f4mico e, principalmente, jur\u00eddico, fazendo com que pessoas tenham acesso ao medicamento adequado para tratar suas graves enfermidades, a um custo acess\u00edvel, com alta efic\u00e1cia e poucos\/leves efeitos colaterais\u201d, argumentou.<\/p>\n<p>Al\u00e9m disso, a decis\u00e3o dada por M\u00e1rio Jambo fortalece judicialmente a diferencia\u00e7\u00e3o entre traficantes e pessoas que precisam da maconha por uma quest\u00e3o de sa\u00fade. \u201cCada decis\u00e3o sedimenta ainda mais uma jurisprud\u00eancia que \u00e9 nova no Brasil, mas que se apresenta j\u00e1 como s\u00f3lida e promissora\u201d, disse.<\/p>\n","protected":false},"excerpt":{"rendered":"<p>Uma moradora do Rio Grande do Norte conseguiu pela primeira vez no Brasil uma decis\u00e3o federal favor\u00e1vel ao cultivo e porte de cannabis para tratamento&hellip; <\/p>\n","protected":false},"author":1,"featured_media":56791,"comment_status":"closed","ping_status":"closed","sticky":false,"template":"","format":"standard","meta":{"sfsi_plus_gutenberg_text_before_share":"","sfsi_plus_gutenberg_show_text_before_share":"","sfsi_plus_gutenberg_icon_type":"","sfsi_plus_gutenberg_icon_alignemt":"","sfsi_plus_gutenburg_max_per_row":"","footnotes":""},"categories":[16],"tags":[],"class_list":["post-70960","post","type-post","status-publish","format-standard","has-post-thumbnail","hentry","category-saude"],"_links":{"self":[{"href":"https:\/\/www.caririemacao.com\/1\/wp-json\/wp\/v2\/posts\/70960","targetHints":{"allow":["GET"]}}],"collection":[{"href":"https:\/\/www.caririemacao.com\/1\/wp-json\/wp\/v2\/posts"}],"about":[{"href":"https:\/\/www.caririemacao.com\/1\/wp-json\/wp\/v2\/types\/post"}],"author":[{"embeddable":true,"href":"https:\/\/www.caririemacao.com\/1\/wp-json\/wp\/v2\/users\/1"}],"replies":[{"embeddable":true,"href":"https:\/\/www.caririemacao.com\/1\/wp-json\/wp\/v2\/comments?post=70960"}],"version-history":[{"count":1,"href":"https:\/\/www.caririemacao.com\/1\/wp-json\/wp\/v2\/posts\/70960\/revisions"}],"predecessor-version":[{"id":70961,"href":"https:\/\/www.caririemacao.com\/1\/wp-json\/wp\/v2\/posts\/70960\/revisions\/70961"}],"wp:featuredmedia":[{"embeddable":true,"href":"https:\/\/www.caririemacao.com\/1\/wp-json\/wp\/v2\/media\/56791"}],"wp:attachment":[{"href":"https:\/\/www.caririemacao.com\/1\/wp-json\/wp\/v2\/media?parent=70960"}],"wp:term":[{"taxonomy":"category","embeddable":true,"href":"https:\/\/www.caririemacao.com\/1\/wp-json\/wp\/v2\/categories?post=70960"},{"taxonomy":"post_tag","embeddable":true,"href":"https:\/\/www.caririemacao.com\/1\/wp-json\/wp\/v2\/tags?post=70960"}],"curies":[{"name":"wp","href":"https:\/\/api.w.org\/{rel}","templated":true}]}}