{"id":70965,"date":"2018-11-05T07:17:20","date_gmt":"2018-11-05T10:17:20","guid":{"rendered":"http:\/\/www.caririemacao.com\/1\/?p=70965"},"modified":"2018-11-05T07:17:20","modified_gmt":"2018-11-05T10:17:20","slug":"concursos-oferecidos-na-paraiba-esta-semana-abrem-310-vagas-de-emprego","status":"publish","type":"post","link":"https:\/\/www.caririemacao.com\/1\/2018\/11\/05\/concursos-oferecidos-na-paraiba-esta-semana-abrem-310-vagas-de-emprego\/","title":{"rendered":"Concursos oferecidos na Para\u00edba esta semana abrem 310 vagas de emprego"},"content":{"rendered":"<div class=\"noticiacorpo\">\n<div class=\"mc-column content-text active-extra-styles active-capital-letter\" data-block-type=\"unstyled\" data-block-weight=\"22\" data-block-id=\"2\">\n<p class=\"content-text__container theme-color-primary-first-letter\" data-track-category=\"Link no Texto\">Sete editais publicados de concursos e sele\u00e7\u00f5es na Para\u00edba oferecem 310 vagas de emprego nesta semana de 4 a 11 de novembro.<\/p>\n<\/div>\n<div class=\"wall protected-content\">\n<div class=\"mc-column content-text active-extra-styles\" data-block-type=\"raw\" data-block-weight=\"8\" data-block-id=\"3\">\n<div class=\"content-intertitle\">\n<h2><a href=\"https:\/\/g1.globo.com\/pb\/paraiba\/noticia\/2018\/09\/28\/abertas-inscricoes-no-concurso-e-selecao-para-prefeitura-de-sao-jose-de-espinharas-pb.ghtml\">Concurso da prefeitura de S\u00e3o Jos\u00e9 de Espinharas<\/a><\/h2>\n<\/div>\n<\/div>\n<div class=\"mc-column content-text active-extra-styles\" data-block-type=\"raw\" data-block-weight=\"56\" data-block-id=\"4\">\n<ul class=\"content-unordered-list\">\n<li>Vagas: 22<\/li>\n<li>N\u00edveis: todos os n\u00edveis de escolaridade<\/li>\n<li>Sal\u00e1rios: m\u00ednimo a R$ 11.708,77<\/li>\n<li>Prazo de inscri\u00e7\u00e3o: at\u00e9 domingo (11)<\/li>\n<li>Local de inscri\u00e7\u00e3o:\u00a0<a href=\"http:\/\/www.contemaxconsultoria.com.br\/\" target=\"_blank\" rel=\"noopener\">site da organizadora, Contemax Consultoria<\/a><\/li>\n<li>Taxas de inscri\u00e7\u00e3o: R$ 40 (fundamental), R$ 60 (m\u00e9dio e t\u00e9cnico) e R$ 80 (superior)<\/li>\n<li>Provas: 9 de dezembro<\/li>\n<li><a href=\"http:\/\/www.contemaxconsultoria.com.br\/site\/wp-content\/uploads\/2018\/09\/EDITAL-E-REGULAMENTO-concurso.pdf\" target=\"_blank\" rel=\"noopener\">Edital do concurso da prefeitura de S\u00e3o Jos\u00e9 de Espinharas<\/a><\/li>\n<\/ul>\n<\/div>\n<div class=\"mc-column content-text active-extra-styles\" data-block-type=\"raw\" data-block-weight=\"5\" data-block-id=\"5\">\n<div class=\"content-intertitle\">\n<h2><a href=\"https:\/\/g1.globo.com\/pb\/paraiba\/noticia\/2018\/10\/22\/abertas-inscricoes-no-concurso-da-prefeitura-de-cacimbas-no-sertao-da-pb.ghtml\">Concurso da prefeitura de Cacimbas<\/a><\/h2>\n<\/div>\n<\/div>\n<div class=\"mc-column content-text active-extra-styles\" data-block-type=\"raw\" data-block-weight=\"47\" data-block-id=\"6\">\n<ul class=\"content-unordered-list\">\n<li>Vagas: 46<\/li>\n<li>N\u00edveis: fundamental, m\u00e9dio e superior<\/li>\n<li>Sal\u00e1rios: R$ 954 a R$ 8.050<\/li>\n<li>Prazo de inscri\u00e7\u00e3o: at\u00e9 domingo (11)<\/li>\n<li>Local de inscri\u00e7\u00e3o:<a href=\"http:\/\/www.funvapi.com.br\/\" target=\"_blank\" rel=\"noopener\">\u00a0site da organizadora, Funvapi<\/a><\/li>\n<li>Taxas de inscri\u00e7\u00e3o: R$ 50, R$ 70 e R$ 110<\/li>\n<li>Prova: 9 de dezembro<\/li>\n<li><a href=\"http:\/\/www.funvapi.com.br\/resources\/EDITAL%20DE%20CONCURSO%20P%C3%9ABLICO%20DE%20CACIMBAS%20-%20PB.pdf\" target=\"_blank\" rel=\"noopener\">Edital do concurso da prefeitura de Cacimbas<\/a><\/li>\n<\/ul>\n<\/div>\n<div class=\"mc-column content-text active-extra-styles\" data-block-type=\"raw\" data-block-weight=\"7\" data-block-id=\"7\">\n<div class=\"content-intertitle\">\n<h2><a href=\"https:\/\/g1.globo.com\/pb\/paraiba\/noticia\/2018\/10\/21\/concurso-da-camara-de-vereadores-de-campina-grande-divulga-edital.ghtml\">Concurso da C\u00e2mara Municipal de Campina Grande<\/a><\/h2>\n<\/div>\n<\/div>\n<div class=\"mc-column content-text active-extra-styles\" data-block-type=\"raw\" data-block-weight=\"54\" data-block-id=\"8\">\n<ul class=\"content-unordered-list\">\n<li>Vagas: 37<\/li>\n<li>N\u00edveis: fundamental, m\u00e9dio e t\u00e9cnico<\/li>\n<li>Sal\u00e1rios: R$ 954 a R$ 1.483,40<\/li>\n<li>Prazo de inscri\u00e7\u00e3o: at\u00e9 25 de novembro<\/li>\n<li>Local de inscri\u00e7\u00e3o:\u00a0<a href=\"https:\/\/cpcon.uepb.edu.br\/concursos\/CMCampinaGrande\/\" target=\"_blank\" rel=\"noopener\">site da organizadora, Cpcon<\/a><\/li>\n<li>Taxas de inscri\u00e7\u00e3o: R$ 60 (n\u00edvel fundamental) e R$ 80 (n\u00edvel m\u00e9dio\/t\u00e9cnico)<\/li>\n<li>Provas: 27 de janeiro de 2019<\/li>\n<li><a href=\"https:\/\/cpcon.uepb.edu.br\/concursos\/CMCampinaGrande\/Edital\/EDITAL_NORMATIVO_CONCURSO_PUBLICO_N_001_2018_CMCG-PB.pdf\" target=\"_blank\" rel=\"noopener\">Edital do concurso da C\u00e2mara Municipal de Campina Grande<\/a><\/li>\n<\/ul>\n<\/div>\n<div class=\"mc-column content-text active-extra-styles\" data-block-type=\"raw\" data-block-weight=\"8\" data-block-id=\"9\">\n<div class=\"content-intertitle\">\n<h2>Concurso da Prefeitura e da C\u00e2mara de Pil\u00f5ezinhos<\/h2>\n<\/div>\n<\/div>\n<div class=\"mc-column content-text active-extra-styles\" data-block-type=\"raw\" data-block-weight=\"73\" data-block-id=\"10\">\n<ul class=\"content-unordered-list\">\n<li>Vagas: 73 | 2<\/li>\n<li>N\u00edveis: fundamental, m\u00e9dio, t\u00e9cnico e superior | fundamental e m\u00e9dio<\/li>\n<li>Sal\u00e1rios: R$ 954 a R$ 9 mil mais gratifica\u00e7\u00e3o | R$ 954 e R$ 1 mil<\/li>\n<li>Prazo de inscri\u00e7\u00e3o: 5 de novembro a 6 de dezembro<\/li>\n<li>Local de inscri\u00e7\u00e3o:\u00a0<a href=\"https:\/\/cpcon.uepb.edu.br\/concursos\/CM_Piloezinhos\/\" target=\"_blank\" rel=\"noopener\">site da organizadora, CPCon<\/a><\/li>\n<li>Taxas de inscri\u00e7\u00e3o: R$ 60 (n\u00edvel fundamental) R$ 80 (m\u00e9dio e t\u00e9cnico) e R$ 100 (superior)<\/li>\n<li>Provas: 27 de janeiro de 2019<\/li>\n<li>Editais:\u00a0<a href=\"https:\/\/cpcon.uepb.edu.br\/concursos\/PM_Piloezinhos\/Edital\/EDITAL_NORMATIVO_CONCURSO_PUBLICO_N_001_2018_PMP-PB.pdf\" target=\"_blank\" rel=\"noopener\">Prefeitura\u00a0<\/a>e<a href=\"https:\/\/cpcon.uepb.edu.br\/concursos\/CM_Piloezinhos\/Edital\/EDITAL_NORMATIVO_CONCURSO_PUBLICO_N_001_2018_CMP-PB.pdf\" target=\"_blank\" rel=\"noopener\">\u00a0C\u00e2mara<\/a><\/li>\n<\/ul>\n<\/div>\n<div class=\"mc-column content-text active-extra-styles\" data-block-type=\"raw\" data-block-weight=\"5\" data-block-id=\"11\">\n<div class=\"content-intertitle\">\n<h2><a href=\"https:\/\/g1.globo.com\/pb\/paraiba\/noticia\/2018\/10\/25\/divulgado-edital-do-concurso-da-prefeitura-de-aracagi-pb.ghtml\">Concurso da Prefeitura de Ara\u00e7agi<\/a><\/h2>\n<\/div>\n<\/div>\n<div class=\"mc-column content-text active-extra-styles\" data-block-type=\"raw\" data-block-weight=\"62\" data-block-id=\"12\">\n<ul class=\"content-unordered-list\">\n<li>Vagas: 52<\/li>\n<li>N\u00edveis: fundamental, m\u00e9dio, t\u00e9cnico e superior<\/li>\n<li>Sal\u00e1rios: R$ 954 a R$ 5.500 mais gratifica\u00e7\u00e3o<\/li>\n<li>Prazo de inscri\u00e7\u00e3o: 5 de novembro a 6 de dezembro<\/li>\n<li>Local de inscri\u00e7\u00e3o:\u00a0<a href=\"https:\/\/cpcon.uepb.edu.br\/concursos\/PM_Aracagi\/\" target=\"_blank\" rel=\"noopener\">site da organizadora, CPCon<\/a><\/li>\n<li>Taxas de inscri\u00e7\u00e3o: R$ 60 (n\u00edvel fundamental) R$ 80 (m\u00e9dio e t\u00e9cnico) e R$ 100 (superior)<\/li>\n<li>Provas: 27 de janeiro de 2019<\/li>\n<li><a href=\"https:\/\/cpcon.uepb.edu.br\/concursos\/PM_Aracagi\/Edital\/EDITAL_NORMATIVO_CONCURSO_PUBLICO_N_001_2018_PMA-PB.pdf\" target=\"_blank\" rel=\"noopener\">Edital do concurso da Prefeitura de Ara\u00e7agi<\/a><\/li>\n<\/ul>\n<\/div>\n<div class=\"content-ads content-ads--reveal\" data-block-type=\"ads\" data-block-id=\"13\">\n<div id=\"banner_materia2\" class=\"tag-manager-publicidade-container has-reveal has-ad-lazyload tag-manager-publicidade-banner_materia2 tag-manager-publicidade-container--carregado tag-manager-publicidade-container--visivel\" data-id=\"banner_materia2\" data-google-query-id=\"CNaV_fXxvN4CFU_E4QodqxcNFQ\" data-cid=\"138247937571\" data-lid=\"4837628386\">\n<div id=\"google_ads_iframe_\/95377733\/tvg_G1\/Sua_Regiao&gt;Nordeste&gt;Paraiba_2__container__\" style=\"box-sizing: border-box;\"><a href=\"https:\/\/g1.globo.com\/pb\/paraiba\/noticia\/2018\/10\/29\/concurso-da-prefeitura-de-cuitegi-pb-divulga-edital-com-78-vagas.ghtml\">Concurso da Prefeitura de Cuitegi<\/a><\/div>\n<\/div>\n<\/div>\n<div data-track-category=\"fim do conteudo\" data-track-action=\"ultimo chunk conteudo\" data-track-noninteraction=\"false\" data-track-scroll=\"entrada completa viewport\">\n<div class=\"mc-column content-text active-extra-styles\" data-block-type=\"raw\" data-block-weight=\"59\" data-block-id=\"15\">\n<ul class=\"content-unordered-list\">\n<li>Vagas: 78<\/li>\n<li>N\u00edveis: fundamental, m\u00e9dio e t\u00e9cnico<\/li>\n<li>Sal\u00e1rios: R$ 954 a R$ 9.054<\/li>\n<li>Prazo de inscri\u00e7\u00e3o: 5 de novembro a 6 de dezembro<\/li>\n<li>Local de inscri\u00e7\u00e3o:\u00a0<a href=\"https:\/\/cpcon.uepb.edu.br\/concursos\/PM_Cuitegi\/\" target=\"_blank\" rel=\"noopener\">site da organizadora, CPCon<\/a><\/li>\n<li>Taxas de inscri\u00e7\u00e3o: R$ 60 (n\u00edvel fundamental), R$ 80 (n\u00edvel m\u00e9dio\/t\u00e9cnico) e R$ 100 (n\u00edvel superior)<\/li>\n<li>Provas: 27 de janeiro de 2019<\/li>\n<li><a href=\"https:\/\/cpcon.uepb.edu.br\/concursos\/PM_Cuitegi\/Edital\/EDITAL_NORMATIVO_CONCURSO_PUBLICO_N_001_2018_PMC-PB.pdf\" target=\"_blank\" rel=\"noopener\">Edital do concurso da Prefeitura de Cuitegi<\/a><\/li>\n<\/ul>\n<\/div>\n<\/div>\n<\/div>\n<\/div>\n<p class=\"noticia_fonte\">G1-PB<\/p>\n","protected":false},"excerpt":{"rendered":"<p>Sete editais publicados de concursos e sele\u00e7\u00f5es na Para\u00edba oferecem 310 vagas de emprego nesta semana de 4 a 11 de novembro. Concurso da prefeitura&hellip; <\/p>\n","protected":false},"author":1,"featured_media":68227,"comment_status":"closed","ping_status":"closed","sticky":false,"template":"","format":"standard","meta":{"sfsi_plus_gutenberg_text_before_share":"","sfsi_plus_gutenberg_show_text_before_share":"","sfsi_plus_gutenberg_icon_type":"","sfsi_plus_gutenberg_icon_alignemt":"","sfsi_plus_gutenburg_max_per_row":"","footnotes":""},"categories":[2],"tags":[],"class_list":["post-70965","post","type-post","status-publish","format-standard","has-post-thumbnail","hentry","category-geral"],"_links":{"self":[{"href":"https:\/\/www.caririemacao.com\/1\/wp-json\/wp\/v2\/posts\/70965","targetHints":{"allow":["GET"]}}],"collection":[{"href":"https:\/\/www.caririemacao.com\/1\/wp-json\/wp\/v2\/posts"}],"about":[{"href":"https:\/\/www.caririemacao.com\/1\/wp-json\/wp\/v2\/types\/post"}],"author":[{"embeddable":true,"href":"https:\/\/www.caririemacao.com\/1\/wp-json\/wp\/v2\/users\/1"}],"replies":[{"embeddable":true,"href":"https:\/\/www.caririemacao.com\/1\/wp-json\/wp\/v2\/comments?post=70965"}],"version-history":[{"count":1,"href":"https:\/\/www.caririemacao.com\/1\/wp-json\/wp\/v2\/posts\/70965\/revisions"}],"predecessor-version":[{"id":70966,"href":"https:\/\/www.caririemacao.com\/1\/wp-json\/wp\/v2\/posts\/70965\/revisions\/70966"}],"wp:featuredmedia":[{"embeddable":true,"href":"https:\/\/www.caririemacao.com\/1\/wp-json\/wp\/v2\/media\/68227"}],"wp:attachment":[{"href":"https:\/\/www.caririemacao.com\/1\/wp-json\/wp\/v2\/media?parent=70965"}],"wp:term":[{"taxonomy":"category","embeddable":true,"href":"https:\/\/www.caririemacao.com\/1\/wp-json\/wp\/v2\/categories?post=70965"},{"taxonomy":"post_tag","embeddable":true,"href":"https:\/\/www.caririemacao.com\/1\/wp-json\/wp\/v2\/tags?post=70965"}],"curies":[{"name":"wp","href":"https:\/\/api.w.org\/{rel}","templated":true}]}}