{"id":70972,"date":"2018-11-05T07:26:40","date_gmt":"2018-11-05T10:26:40","guid":{"rendered":"http:\/\/www.caririemacao.com\/1\/?p=70972"},"modified":"2018-11-05T07:26:40","modified_gmt":"2018-11-05T10:26:40","slug":"governo-apresenta-resultado-do-indice-de-desenvolvimento-da-educacao-da-paraiba","status":"publish","type":"post","link":"https:\/\/www.caririemacao.com\/1\/2018\/11\/05\/governo-apresenta-resultado-do-indice-de-desenvolvimento-da-educacao-da-paraiba\/","title":{"rendered":"Governo apresenta resultado do \u00cdndice de Desenvolvimento da Educa\u00e7\u00e3o da Para\u00edba"},"content":{"rendered":"<p style=\"font-weight: 400;\">Representantes da Secretaria de Estado da Educa\u00e7\u00e3o da Para\u00edba concedem, nesta segunda-feira (5), \u00e0s 9h, no audit\u00f3rio do Liceu Paraibano, entrevista coletiva para apresentar o resultado do \u00cdndice de Desenvolvimento da Educa\u00e7\u00e3o da Para\u00edba (IDEPB) 2018.<\/p>\n<p style=\"font-weight: 400;\">O IDEPB combina indicadores de desempenho e fluxo escolar e oferece diagn\u00f3stico, a partir da aplica\u00e7\u00e3o de provas de L\u00edngua Portuguesa e Matem\u00e1tica, para estudantes do 5\u00ba e 9\u00ba anos do ensino fundamental e da 3\u00aa s\u00e9rie do ensino m\u00e9dio. Implementada, em 2012, pela Secretaria de Estado da Educa\u00e7\u00e3o da Para\u00edba (SEE\/PB), em parceria com o Centro de Pol\u00edticas P\u00fablicas e Avalia\u00e7\u00e3o da Educa\u00e7\u00e3o (CAEd\/UFJF), a avalia\u00e7\u00e3o possibilita, por meio de medidas de desempenho dos estudantes, a aferi\u00e7\u00e3o da qualidade do ensino ofertado pela rede estadual da Para\u00edba.<\/p>\n<p style=\"font-weight: 400;\">\n<p style=\"font-weight: 400;\"><b><strong>Servi\u00e7o:<\/strong><\/b><\/p>\n<p style=\"font-weight: 400;\">Coletiva de Imprensa<\/p>\n<p style=\"font-weight: 400;\"><b><strong>Data<\/strong><\/b>: 05\/11\/18<\/p>\n<p style=\"font-weight: 400;\"><b><strong>Local:<\/strong><\/b>\u00a0audit\u00f3rio do Liceu Paraibano \u2013 Av. Pres. Get\u00falio Vargas, Centro, Jo\u00e3o Pessoa \u2013 PB<\/p>\n<p style=\"font-weight: 400;\"><b><strong>Hor\u00e1rio:<\/strong><\/b>\u00a09h<\/p>\n<p>&nbsp;<\/p>\n<p>Secom-PB<\/p>\n","protected":false},"excerpt":{"rendered":"<p>Representantes da Secretaria de Estado da Educa\u00e7\u00e3o da Para\u00edba concedem, nesta segunda-feira (5), \u00e0s 9h, no audit\u00f3rio do Liceu Paraibano, entrevista coletiva para apresentar o&hellip; <\/p>\n","protected":false},"author":1,"featured_media":70692,"comment_status":"closed","ping_status":"closed","sticky":false,"template":"","format":"standard","meta":{"sfsi_plus_gutenberg_text_before_share":"","sfsi_plus_gutenberg_show_text_before_share":"","sfsi_plus_gutenberg_icon_type":"","sfsi_plus_gutenberg_icon_alignemt":"","sfsi_plus_gutenburg_max_per_row":"","footnotes":""},"categories":[11],"tags":[],"class_list":["post-70972","post","type-post","status-publish","format-standard","has-post-thumbnail","hentry","category-politica"],"_links":{"self":[{"href":"https:\/\/www.caririemacao.com\/1\/wp-json\/wp\/v2\/posts\/70972","targetHints":{"allow":["GET"]}}],"collection":[{"href":"https:\/\/www.caririemacao.com\/1\/wp-json\/wp\/v2\/posts"}],"about":[{"href":"https:\/\/www.caririemacao.com\/1\/wp-json\/wp\/v2\/types\/post"}],"author":[{"embeddable":true,"href":"https:\/\/www.caririemacao.com\/1\/wp-json\/wp\/v2\/users\/1"}],"replies":[{"embeddable":true,"href":"https:\/\/www.caririemacao.com\/1\/wp-json\/wp\/v2\/comments?post=70972"}],"version-history":[{"count":1,"href":"https:\/\/www.caririemacao.com\/1\/wp-json\/wp\/v2\/posts\/70972\/revisions"}],"predecessor-version":[{"id":70973,"href":"https:\/\/www.caririemacao.com\/1\/wp-json\/wp\/v2\/posts\/70972\/revisions\/70973"}],"wp:featuredmedia":[{"embeddable":true,"href":"https:\/\/www.caririemacao.com\/1\/wp-json\/wp\/v2\/media\/70692"}],"wp:attachment":[{"href":"https:\/\/www.caririemacao.com\/1\/wp-json\/wp\/v2\/media?parent=70972"}],"wp:term":[{"taxonomy":"category","embeddable":true,"href":"https:\/\/www.caririemacao.com\/1\/wp-json\/wp\/v2\/categories?post=70972"},{"taxonomy":"post_tag","embeddable":true,"href":"https:\/\/www.caririemacao.com\/1\/wp-json\/wp\/v2\/tags?post=70972"}],"curies":[{"name":"wp","href":"https:\/\/api.w.org\/{rel}","templated":true}]}}