{"id":70974,"date":"2018-11-05T07:29:44","date_gmt":"2018-11-05T10:29:44","guid":{"rendered":"http:\/\/www.caririemacao.com\/1\/?p=70974"},"modified":"2018-11-05T07:29:44","modified_gmt":"2018-11-05T10:29:44","slug":"operacao-finados-tem-reducao-de-637-no-numero-de-acidentes-na-pb","status":"publish","type":"post","link":"https:\/\/www.caririemacao.com\/1\/2018\/11\/05\/operacao-finados-tem-reducao-de-637-no-numero-de-acidentes-na-pb\/","title":{"rendered":"Opera\u00e7\u00e3o Finados tem redu\u00e7\u00e3o de 63,7% no n\u00famero de acidentes na PB"},"content":{"rendered":"<p>A Pol\u00edcia Rodovi\u00e1ria Federal (PRF), encerrou em todo Pa\u00eds, a Opera\u00e7\u00e3o\u00a0Finados\u00a0de 2018, que come\u00e7ou \u00e0s 00h00 da quinta-feira (1) e terminou \u00e0s 23h59 deste domingo (4). Nas rodovias federais da Para\u00edba foi registrado, nos quatro dias do feriad\u00e3o, um total de seis acidentes que resultaram em cinco pessoas feridas e uma morte.<\/p>\n<p>Dados preliminares indicam que, entre os dias 1\u00ba e 4 de novembro, foram fiscalizados um total de 1.629 ve\u00edculos e emitidos 745 autos de infra\u00e7\u00e3o, a maioria por excesso de velocidade. Foram autuados ainda 14 condutores por dirigir sob efeito de \u00e1lcool, e 63 por n\u00e3o usar o cinto de seguran\u00e7a.<\/p>\n<p>A PRF realizou 16 deten\u00e7\u00f5es de pessoas, recuperou um ve\u00edculo roubado e recolheu 53 ve\u00edculos, sendo dois por adultera\u00e7\u00e3o. Nove motoristas foram autuados por conduzirem crian\u00e7as sem a cadeirinha para menores e outros 29 por ultrapassagens. 55 motociclistas foram multados por falta do capacete.<\/p>\n<p>LEI SECA E OCORR\u00caNCIAS RELEVANTES<\/p>\n<p>Ve\u00edculo Recuperado<\/p>\n<p>Durante fiscaliza\u00e7\u00e3o de rotina no Km 140 da BR 104, por volta das 17h00m, foi abordado o ve\u00edculo Fiat Strada de placas aparentes PCC-**02, conduzido por um homem de prenome Severino que apresentou CRLV (documento do ve\u00edculo) com ind\u00edcios de falsifica\u00e7\u00e3o.<\/p>\n<div>Ap\u00f3s uma verifica\u00e7\u00e3o minuciosa dos elementos de identifica\u00e7\u00e3o do ve\u00edculo, cujo chassi apresentava ind\u00edcios de adultera\u00e7\u00e3o, concluiu-se que o ve\u00edculo original \u00e9 o de placas PDC-**01, com registro de roubo no sistema SERPRO.<\/div>\n<div>Condutor, CRLV e ve\u00edculo foram encaminhados \u00e0 Pol\u00edcia Federal de Campina Grande-PB, por uso de documento falso, recepta\u00e7\u00e3o, adultera\u00e7\u00e3o de sinal identificador de ve\u00edculo automotor.<\/div>\n<p>Alcoolemia<\/p>\n<p>Na sexta-feira, 2 de novembro do ano de 2018, por volta das 9 horas, uma equipe da PRF, deparou-se no km 152.0 da BR 230, no munic\u00edpio de Campina Grande\/PB, com um ve\u00edculo Vw\/Golf 1.6 Sportl, cor prata e placa OET-**07, realizando manobras perigosas, ultrapassando ve\u00edculos pela direita e em velocidade incompat\u00edvel com a seguran\u00e7a no local, pondo em risco a seguran\u00e7a das pessoas no local.<\/p>\n<div>Ap\u00f3s a abordagem, verificou-se que o ve\u00edculo era conduzido por um homem identificado como Ricardo, o qual, ap\u00f3s aceitar submeter-se ao teste de alcoolemia, apresentou o resultado de 0.64 mg de \u00e1lccol.<\/div>\n<div>Diante das informa\u00e7\u00f5es obtidas, o condutor foi encaminhado \u00e0 Delegacia de Pol\u00edcia Civil (plant\u00e3o em Campina Grande), para ser autuado em flagrante por conduzir ve\u00edculo com capacidade psicomotora alterada em raz\u00e3o da influ\u00eancia de \u00e1lcool \u2013 Embriaguez ao volante.<\/div>\n<p>Ainda no dia 2 de novembro de 2018, por volta das 19:h45, no Km 38 da Br 101, no munic\u00edpio de Mamanguape-PB, a equipe de plant\u00e3o na UOP 03 (PRF de Mamanguape-PB), percebeu uma motocicleta vindo na contram\u00e3o de dire\u00e7\u00e3o no sentido de Natal-RN para Jo\u00e3o Pessoa-PB e deslocou para abordagem, momento em que o condutor tentou fugir pela via lateral \u00e0 Br 101 e n\u00e3o atendeu ordem de parada.<\/p>\n<div>Ap\u00f3s a abordagem verificou-se tratar de uma motoneta Jonny 50 CC S\u00e9rie Especial sem placa de identifica\u00e7\u00e3o e cuja numera\u00e7\u00e3o do chassi apresentava sinais de adultera\u00e7\u00e3o, e era conduzida por um homem identificado como Adailton, o qual portava uma arma branca na cintura e aceitou realizar teste de etil\u00f4metro, tendo como resultado 1,05 mg\/l, o que caracteriza crime de tr\u00e2nsito tipificado no art. 306 da Lei n\u00ba 9503\/97, sendo dada voz de pris\u00e3o ao infrator.<\/div>\n<div>Ao proceder-se a consulta do cidad\u00e3o, verificou-se que havia em desfavor do mesmo, um Mandado de Pris\u00e3o, expedido em 02\/05\/2018 pela 1\u00aa Vara Mista de Guarabira-PB. O condutor da motoneta que tamb\u00e9m n\u00e3o possui CNH, n\u00e3o utilizava capacete e n\u00e3o apresentou qualqde5 documento do ve\u00edculo, foi apresentado na Delegacia de Pol\u00edcia Civil de5 Mamanguape-PB, para ser autuado em flagrante por embriaguez ao volante e cumprimento do mandado de pris\u00e3o.<\/div>\n<p>J\u00e1 no s\u00e1bado, 3 de novembro do ano de 2018, por volta das 15h08, nas imedia\u00e7\u00f5es do km 41, da BR 101, tamb\u00e9m no munic\u00edpio de Mamanguape\/PB, um Caminh\u00e3o Volvo\/Fh12 420 6x4t, cor vermelha e placa MON**97\/PB, atrelado a um Semirreboque\/Randon, conduzido por um homem identificado como IRENILDO , passou em frente ao posto da Pol\u00edcia Rodovi\u00e1ria Federal em velocidade superior \u00e0 permitida em fun\u00e7\u00e3o da sinaliza\u00e7\u00e3o existente no local, placa de sinaliza\u00e7\u00e3o e cones na via. A equipe efetuou a abordagem ao ve\u00edculo e constatou que o condutor apresentava sinais de embriaguez (odor et\u00edlico, desordem nas vestes, desequil\u00edbrio no andar, fala embaralhada). Ap\u00f3s submetido a exame de alcoolemia, constatou-se o teor de 0.62 miligramas de \u00e1lcool e foi dada voz de pris\u00e3o a Irenildo sendo encaminhado para a Delegacia de Pol\u00edcia Civil de Mamanguape\/PB para ser autuado em flagrante por embriaguez ao volante.<\/p>\n<p>Tamb\u00e9m no s\u00e1bado, dia 03\/11\/2018, por volta d\u00e1s 17h56, desta feita na UOP da Farinha, localizada na BR 230, KM 183, no munic\u00edpio de Pocinhos, numa fiscaliza\u00e7\u00e3o de rotina, foi dado ordem de parada ao ve\u00edculo Fiat Uno, de placas: MOT-**29, conduzido por um homem identificado como Silvano.<\/p>\n<p>Ap\u00f3s as consultas da documenta\u00e7\u00e3o, foi solicitado a realiza\u00e7\u00e3o de teste de etil\u00f4metro, quando foi constatado o resultado de 0,64 mg de \u00e1lcool e foi dada voz de pris\u00e3o, sendo encaminhado \u00e0 policia civil do munic\u00edpio de Esperan\u00e7a para ser autuado em flagrante por embriaguez ao volante.<\/p>\n<div>Ainda no s\u00e1bado 03 de novembro do ano de 2018, por volta das 18h45, no km 107.0 da BR 101, no munic\u00edpio de Alhandra\/PB, foi abordado ap\u00f3s den\u00fancia an\u00f4nima \u00e0 Central da PRF um ve\u00edculo GM\/ZAFIRA, placa PFI-**88\/PB, conduzido por um homem identificado por SALMAO, por suspeita de dirigir sob efeito de \u00e1lcool.<\/div>\n<div>O condutor submeteu-se, espontaneamente, a exame de alcoolemia, no qual constatou-se o teor de 0.68 mg de \u00e1lcool. Diante das informa\u00e7\u00f5es obtidas, o envolvido foi encaminhado para a Delegacia de Pol\u00edcia Civil de Alhandra\/PB, onde foi autuado por embriaguez ao volante.<\/div>\n<p>Mandado de Pris\u00e3o<\/p>\n<p>No dia 3 de novembro de 2018, \u00e0s 17h45, durante fiscaliza\u00e7\u00e3o em frente \u00e0 Unidade Operacional da PRF de Mata Redonda, Km 107 da BR 101, em Alhandra\/PB, foi abordado um ve\u00edculo Chev\/Spin de placa PFX-**19\/PE. Solicitada a documenta\u00e7\u00e3o do condutor e dos ocupantes, foi encontrado em desfavor de um dos passageiros identificado como ANTONIO, um MANDADO DE PRIS\u00c3O EM ABERTO, expedido em 01\/11\/2018 pela 1\u00aa VARA CRIMINAL DE JO\u00c3O PESSOA. Diante dos fatos, o Sr. ANTONIO foi encaminhado para a Delegacia de Pol\u00edcia Civil de Alhandra\/PB para cumprimento do mandado de pris\u00e3o.<\/p>\n<p>Uso De Documento Falso<\/p>\n<div>No s\u00e1bado, 03\/11\/2018, \u00e0s 9h30h, na BR-230, km 183,0. Munic\u00edpio: Pocinhos\/PB, foi abordada a motocicleta YAMAHA\/YS 150 FAZER, placa: OGF-**58\/PB, conduzida por um homem identificado como GESINIEL, que apresentou CRLV do ve\u00edculo e CNH.<\/div>\n<div>Ap\u00f3s consulta aos sistemas PRF, verificou-se que a CNH n\u00e3o existia no banco de dados do RENACH, portanto, tratava-se de poss\u00edvel falsifica\u00e7\u00e3o. O condutor foi encaminhado \u00e0 Delegacia da Pol\u00edcia Federal, onde foi autuado em flagrante por falsifica\u00e7\u00e3o de documento p\u00fablico.<\/div>\n<p>Acidentes<\/p>\n<p>Na quinta feira, 01\/11\/2018 \u00e0s 09h27, na BR-230\/PB, km 28,0, na capital, um ve\u00edculo n\u00e3o identificado colidiu na lateral de uma motocicleta Honda\/Pop 110I de placa(s) QSB-**18, do munic\u00edpio de Jo\u00e3o Pessoa\/PB, deixando uma pessoa ferida.<\/p>\n<p>Por volta das 14h30, tamb\u00e9m na BR-230\/PB, no km 239,4, munic\u00edpio de Juazeirinho, uma caminhonete Ford\/F350G Territorio 4X4 de placa(s) NPY-**35, do munic\u00edpio de Campina Grande\/PB, tombou por conta de um defeito mec\u00e2nico e deixou uma pessoa ferida.<\/p>\n<p>Na sexta feira, 02\/11\/2018 \u00e0s 17h10, na BR-230\/PB, km 75,8 no munic\u00edpio de Sobrado, uma Pick-Up Fiat\/Strada Working de placa(s) QFC-**40, do munic\u00edpio de Sobrado\/PB, atropelou e matou um pedestre. Levantamento preliminar aponta poss\u00edvel falta de aten\u00e7\u00e3o da v\u00edtima.<\/p>\n<p>No s\u00e1bado, 03\/11\/2018 \u00e0s 16h30, na BR-230\/PB, km 293,6, Santa Luzia\/PB, um ve\u00edculo n\u00e3o identificado colidiu na traseira de uma motocicleta Honda\/CG150 Fan Esdi de placa(s) NQD-**52 Segundo a PRF, a colis\u00e3o ocorreu porque o motociclista, que acabou ferido, deixou de ir para o acostamento antes de convergir \u00e0 esquerda.<\/p>\n<p>No domingo, 04\/11\/2018 16h45, na BR-230\/PB, km 8,0, nas proximidades da entrada do Jacar\u00e9, uma motocicleta Honda\/CG150 Fan Esdi de placa(s) OGF-*18, do munic\u00edpio de Cabedelo\/PB, colidiu na traseira de um Ve\u00edculo VW\/Fox 1.0 Sunrise de placa(s) NPU-*27, do munic\u00edpio de Jo\u00e3o Pessoa\/PB, deixando um ferido.<\/p>\n<p>Para\u00edba J\u00e1<\/p>\n","protected":false},"excerpt":{"rendered":"<p>A Pol\u00edcia Rodovi\u00e1ria Federal (PRF), encerrou em todo Pa\u00eds, a Opera\u00e7\u00e3o\u00a0Finados\u00a0de 2018, que come\u00e7ou \u00e0s 00h00 da quinta-feira (1) e terminou \u00e0s 23h59 deste domingo&hellip; <\/p>\n","protected":false},"author":1,"featured_media":10580,"comment_status":"closed","ping_status":"closed","sticky":false,"template":"","format":"standard","meta":{"sfsi_plus_gutenberg_text_before_share":"","sfsi_plus_gutenberg_show_text_before_share":"","sfsi_plus_gutenberg_icon_type":"","sfsi_plus_gutenberg_icon_alignemt":"","sfsi_plus_gutenburg_max_per_row":"","footnotes":""},"categories":[12],"tags":[],"class_list":["post-70974","post","type-post","status-publish","format-standard","has-post-thumbnail","hentry","category-policia"],"_links":{"self":[{"href":"https:\/\/www.caririemacao.com\/1\/wp-json\/wp\/v2\/posts\/70974","targetHints":{"allow":["GET"]}}],"collection":[{"href":"https:\/\/www.caririemacao.com\/1\/wp-json\/wp\/v2\/posts"}],"about":[{"href":"https:\/\/www.caririemacao.com\/1\/wp-json\/wp\/v2\/types\/post"}],"author":[{"embeddable":true,"href":"https:\/\/www.caririemacao.com\/1\/wp-json\/wp\/v2\/users\/1"}],"replies":[{"embeddable":true,"href":"https:\/\/www.caririemacao.com\/1\/wp-json\/wp\/v2\/comments?post=70974"}],"version-history":[{"count":1,"href":"https:\/\/www.caririemacao.com\/1\/wp-json\/wp\/v2\/posts\/70974\/revisions"}],"predecessor-version":[{"id":70975,"href":"https:\/\/www.caririemacao.com\/1\/wp-json\/wp\/v2\/posts\/70974\/revisions\/70975"}],"wp:featuredmedia":[{"embeddable":true,"href":"https:\/\/www.caririemacao.com\/1\/wp-json\/wp\/v2\/media\/10580"}],"wp:attachment":[{"href":"https:\/\/www.caririemacao.com\/1\/wp-json\/wp\/v2\/media?parent=70974"}],"wp:term":[{"taxonomy":"category","embeddable":true,"href":"https:\/\/www.caririemacao.com\/1\/wp-json\/wp\/v2\/categories?post=70974"},{"taxonomy":"post_tag","embeddable":true,"href":"https:\/\/www.caririemacao.com\/1\/wp-json\/wp\/v2\/tags?post=70974"}],"curies":[{"name":"wp","href":"https:\/\/api.w.org\/{rel}","templated":true}]}}