{"id":70978,"date":"2018-11-05T07:35:43","date_gmt":"2018-11-05T10:35:43","guid":{"rendered":"http:\/\/www.caririemacao.com\/1\/?p=70978"},"modified":"2018-11-05T07:35:43","modified_gmt":"2018-11-05T10:35:43","slug":"oposicao-tenta-se-reinventar-para-travar-pauta-conservadora","status":"publish","type":"post","link":"https:\/\/www.caririemacao.com\/1\/2018\/11\/05\/oposicao-tenta-se-reinventar-para-travar-pauta-conservadora\/","title":{"rendered":"Oposi\u00e7\u00e3o tenta se reinventar para travar pauta conservadora"},"content":{"rendered":"<p>Na tarde da \u00faltima quarta-feira (31), quem passasse pelo corredor das comiss\u00f5es da C\u00e2mara dos Deputados ouvia gritos \u00e0 medida em que se aproximava do plen\u00e1rio oito, local marcado para a vota\u00e7\u00e3o do projeto Escola Sem Partido.<\/p>\n<p>\u201cAbaixo a lei da morda\u00e7a!\u201d, gritavam manifestantes contr\u00e1rios ao texto, com cartazes ligados a movimentos como UNE e CUT.<\/p>\n<p>Enquanto isso, no plen\u00e1rio da Casa, deputados da oposi\u00e7\u00e3o se apressavam em marcar presen\u00e7a para atingir o m\u00ednimo de 257 deputados para abrir a ordem do dia, a sess\u00e3o de vota\u00e7\u00e3o que derruba todos os outros trabalhos na C\u00e2mara.<\/p>\n<p>A combina\u00e7\u00e3o resultou no adiamento da reuni\u00e3o que analisaria o relat\u00f3rio favor\u00e1vel \u00e0 proposta, uma bandeira da bancada evang\u00e9lica que tem o apoio do presidente eleito, Jair Bolsonaro (PSL).<\/p>\n<p>A estrat\u00e9gia demonstra como deve ser o processo de atua\u00e7\u00e3o da oposi\u00e7\u00e3o no Legislativo. Com cerca de 150 deputados, apostar\u00e1 em t\u00e1ticas de obstru\u00e7\u00e3o, aliadas a protestos de movimentos sociais, para tentar travar a pauta conservadora.<\/p>\n<p>Segundo o l\u00edder do PT, Paulo Pimenta (RS), a decis\u00e3o de como agir \u00e9 tomada dia a dia. \u201cNo caso do Escola Sem Partido, era importante dar presen\u00e7a para fazer cair a sess\u00e3o da comiss\u00e3o. Em outros, evitamos dar quorum\u201d, diz.<br \/>\nO chamado \u201ckit obstru\u00e7\u00e3o\u201d \u00e9 amparado pelo regimento da C\u00e2mara e consiste em manobras para segurar vota\u00e7\u00f5es.<\/p>\n<p>Os deputados podem, por exemplo, deixar de registrar presen\u00e7a para evitar que se atinja o n\u00famero m\u00ednimo necess\u00e1rio para se iniciar uma sess\u00e3o.<\/p>\n<p>Ou apresentar sucessivos requerimentos de procedimentos, que devem ser analisados antes de se chegar ao m\u00e9rito do projeto. Podem ainda utilizar o m\u00e1ximo de tempo de fala a que t\u00eam direito, para alongar a sess\u00e3o at\u00e9 a madrugada, testando a paci\u00eancia dos colegas.<\/p>\n<p>Al\u00e9m do PT, o PSOL tamb\u00e9m \u00e9 favor\u00e1vel \u00e0 t\u00e1tica. Ambos os partidos defendem a forma\u00e7\u00e3o de uma \u201cfrente ampla\u201d contra Bolsonaro.<\/p>\n<p>\u201cTemos disposi\u00e7\u00e3o de construir unidade para defender direitos\u201d, diz o presidente do PSOL, Juliano Medeiros.<\/p>\n<p>O partido, que costuma trabalhar solo na Casa, \u00e0s vezes em oposi\u00e7\u00e3o at\u00e9 a outros do mesmo campo ideol\u00f3gico, diz que estaria disposto a agir em conjunto com figuras e parlamentares de fora da esquerda contr\u00e1rios \u00e0 agenda de Bolsonaro.<\/p>\n<p>Deputados ouvidos pela Folha dizem que pode haver, por exemplo, converg\u00eancia no combate \u00e0s pol\u00edticas ambientais do PSL em partidos como Rede, PV e membros de siglas como o PSDB.<\/p>\n<p>\u201cHouve um amadurecimento do PSOL como partido, e o segundo turno \u00e9 a prova disso. Foi a primeira vez que o partido apoiou um candidato \u00e0 Presid\u00eancia [Fernando Haddad, do PT], e a decis\u00e3o foi tomada quase por unanimidade\u201d, afirma Medeiros.<\/p>\n<p>Representantes do partido se reuniram nesta semana com quadros do PT para come\u00e7ar as discuss\u00f5es sobre oposi\u00e7\u00e3o a Bolsonaro.<\/p>\n<p>De outro lado, por\u00e9m, um bloco que se forma entre PDT, PSB e PC do B pode atrapalhar a estrat\u00e9gia.<br \/>\nEm entrevista ap\u00f3s a primeira reuni\u00e3o das siglas, na ter\u00e7a (30), o l\u00edder do PDT, Andr\u00e9 Figueiredo (CE), disse que os partidos querem fazer \u201coposi\u00e7\u00e3o propositiva\u201d e e que n\u00e3o ir\u00e3o \u201cobstruir por obstruir\u201d.<\/p>\n<p>O encontro, para o qual n\u00e3o foram convidados os l\u00edderes de PT e PSOL, causou mal estar com essas legendas.<\/p>\n<p>\u201cO que \u00e9 oposi\u00e7\u00e3o propositiva? Isso \u00e9 como se a resist\u00eancia espanhola tivesse tentado encontrar um ponto em comum na agenda do [ditador Francisco] Franco\u201d, disse Pimenta.<\/p>\n","protected":false},"excerpt":{"rendered":"<p>Na tarde da \u00faltima quarta-feira (31), quem passasse pelo corredor das comiss\u00f5es da C\u00e2mara dos Deputados ouvia gritos \u00e0 medida em que se aproximava do&hellip; <\/p>\n","protected":false},"author":1,"featured_media":36454,"comment_status":"closed","ping_status":"closed","sticky":false,"template":"","format":"standard","meta":{"sfsi_plus_gutenberg_text_before_share":"","sfsi_plus_gutenberg_show_text_before_share":"","sfsi_plus_gutenberg_icon_type":"","sfsi_plus_gutenberg_icon_alignemt":"","sfsi_plus_gutenburg_max_per_row":"","footnotes":""},"categories":[11],"tags":[],"class_list":["post-70978","post","type-post","status-publish","format-standard","has-post-thumbnail","hentry","category-politica"],"_links":{"self":[{"href":"https:\/\/www.caririemacao.com\/1\/wp-json\/wp\/v2\/posts\/70978","targetHints":{"allow":["GET"]}}],"collection":[{"href":"https:\/\/www.caririemacao.com\/1\/wp-json\/wp\/v2\/posts"}],"about":[{"href":"https:\/\/www.caririemacao.com\/1\/wp-json\/wp\/v2\/types\/post"}],"author":[{"embeddable":true,"href":"https:\/\/www.caririemacao.com\/1\/wp-json\/wp\/v2\/users\/1"}],"replies":[{"embeddable":true,"href":"https:\/\/www.caririemacao.com\/1\/wp-json\/wp\/v2\/comments?post=70978"}],"version-history":[{"count":1,"href":"https:\/\/www.caririemacao.com\/1\/wp-json\/wp\/v2\/posts\/70978\/revisions"}],"predecessor-version":[{"id":70979,"href":"https:\/\/www.caririemacao.com\/1\/wp-json\/wp\/v2\/posts\/70978\/revisions\/70979"}],"wp:featuredmedia":[{"embeddable":true,"href":"https:\/\/www.caririemacao.com\/1\/wp-json\/wp\/v2\/media\/36454"}],"wp:attachment":[{"href":"https:\/\/www.caririemacao.com\/1\/wp-json\/wp\/v2\/media?parent=70978"}],"wp:term":[{"taxonomy":"category","embeddable":true,"href":"https:\/\/www.caririemacao.com\/1\/wp-json\/wp\/v2\/categories?post=70978"},{"taxonomy":"post_tag","embeddable":true,"href":"https:\/\/www.caririemacao.com\/1\/wp-json\/wp\/v2\/tags?post=70978"}],"curies":[{"name":"wp","href":"https:\/\/api.w.org\/{rel}","templated":true}]}}