{"id":70980,"date":"2018-11-05T07:39:43","date_gmt":"2018-11-05T10:39:43","guid":{"rendered":"http:\/\/www.caririemacao.com\/1\/?p=70980"},"modified":"2018-11-05T07:39:43","modified_gmt":"2018-11-05T10:39:43","slug":"onyx-lorenzoni-deve-ser-oficializado-ministro-nesta-segunda","status":"publish","type":"post","link":"https:\/\/www.caririemacao.com\/1\/2018\/11\/05\/onyx-lorenzoni-deve-ser-oficializado-ministro-nesta-segunda\/","title":{"rendered":"Onyx Lorenzoni deve ser oficializado ministro nesta segunda"},"content":{"rendered":"<p>O nome do deputado federal Onyx Lorenzoni (DEM-RS) ser\u00e1 oficializado como ministro extraordin\u00e1rio nesta segunda-feira (5). O cargo, previsto em lei, \u00e9 atribu\u00eddo ao coordenador de transi\u00e7\u00e3o do governo eleito. A nomea\u00e7\u00e3o de Lorenzoni ser\u00e1 publicada no Di\u00e1rio Oficial de amanh\u00e3. A nomea\u00e7\u00e3o ser\u00e1 assinada pelo presidente Michel Temer.<\/p>\n<p>\u00c9 a primeira etapa de uma semana que promete iniciar, de fato, a transi\u00e7\u00e3o entre o governo atual, de Michel Temer, e o eleito, de Jair Bolsonaro.<\/p>\n<p>Na quarta-feira (7) Bolsonaro se re\u00fane com Temer, pela primeira vez, desde sua vit\u00f3ria nas urnas. Ao conversar rapidamente com jornalistas na tarde de\u00a0hoje\u00a0(4), Temer confirmou o encontro e disse que espera que Bolsonaro tenha \u201cmuita sorte e muito sucesso\u201d.<\/p>\n<p>No Pal\u00e1cio do Planalto, participar\u00e3o da reuni\u00e3o o ministro-chefe da Casa Civil, Eliseu Padilha, e Onyx. Por\u00e9m, \u00e9 poss\u00edvel que mais ministros tamb\u00e9m fa\u00e7am parte do encontro. Segundo a assessoria de Padilha, a agenda depende das demandas que Onyx vai apresentar.<\/p>\n<p>No entanto, o futuro ministro extraordin\u00e1rio\u00a0ainda n\u00e3o fez nenhuma solicita\u00e7\u00e3o para esta semana. Na semana passada, ele\u00a0apresentou\u00a0os primeiros 22 nomes\u00a0da equipe de t\u00e9cnicos que trabalhar\u00e1 na transi\u00e7\u00e3o.<\/p>\n<p>Os nomes est\u00e3o passando por an\u00e1lise da Ag\u00eancia Brasileira de Intelig\u00eancia (Abin), como \u00e9 praxe em caso de contrata\u00e7\u00f5es pela Uni\u00e3o. Em seguida, as nomea\u00e7\u00f5es ser\u00e3o publicadas no Di\u00e1rio Oficial.<\/p>\n<p>Outros nomes, at\u00e9 o limite de 50, ainda podem ser nomeados para cargos de car\u00e1ter\u00a0tempor\u00e1rio, chamados Cargos Especiais de Transi\u00e7\u00e3o Governamental. O governo eleito, no entanto, ainda n\u00e3o apresentou nenhum outro.<\/p>\n<p>Hist\u00f3rico<\/p>\n<p>Escolhido por Bolsonaro para\u00a0coordenar os trabalhos de transi\u00e7\u00e3o e, em seguida,\u00a0assumir a Casa Civil em seu governo,\u00a0Onyx Lorenzoni\u00a0, de 64 anos, construiu carreira pol\u00edtica ao longo de v\u00e1rios mandatos parlamentares.<\/p>\n<p>Foi o\u00a0deputado federal\u00a0mais votado este ano no Rio Grande do Sul este ano, conquistando mais de 180 mil votos. Tornou-se o homem de confian\u00e7a de Bolsonaro durante a campanha ao fazer defesas e tamb\u00e9m gravar v\u00eddeos em favor do ent\u00e3o candidato.<\/p>\n<p>Formado em Veterin\u00e1ria e nascido em Porto Alegre, Onyx iniciou\u00a0sua atua\u00e7\u00e3o pol\u00edtica como presidente do Sindicato dos M\u00e9dicos Veterin\u00e1rios do estado, na d\u00e9cada de 1980. Antes da vida p\u00fablica, ele trabalhou no Hospital Veterin\u00e1rio Lorenzoni, empresa de que \u00e9 s\u00f3cio.<\/p>\n<p>Recentemente, foi o respons\u00e1vel por relatar o projeto que reunia dez medidas de combate \u00e0 corrup\u00e7\u00e3o, que chegou ao Congresso por meio de iniciativa popular. Onyx faz parte da Frente Parlamentar da Seguran\u00e7a P\u00fablica, conhecida como Bancada da Bala, que conta com dezenas de deputados.<\/p>\n<p>Em 2014, quando a doa\u00e7\u00e3o empresarial a campanhas eleitorais ainda era permitida, o deputado recebeu R$ 100 mil de duas das maiores empresas de armas e muni\u00e7\u00f5es do Brasil: a Companhia Brasileira de Cartuchos (CBC) e a Forjas Taurus S.A.<\/p>\n<p>Quatro anos antes, a Taurus repassou R$ 150 mil para a campanha de Onyx, mesmo valor doado pela Associa\u00e7\u00e3o Nacional da Ind\u00fastria de Armas e Muni\u00e7\u00f5es.<\/p>\n<p>Ag\u00eancia Brasil<\/p>\n","protected":false},"excerpt":{"rendered":"<p>O nome do deputado federal Onyx Lorenzoni (DEM-RS) ser\u00e1 oficializado como ministro extraordin\u00e1rio nesta segunda-feira (5). O cargo, previsto em lei, \u00e9 atribu\u00eddo ao coordenador&hellip; <\/p>\n","protected":false},"author":1,"featured_media":70991,"comment_status":"closed","ping_status":"closed","sticky":false,"template":"","format":"standard","meta":{"sfsi_plus_gutenberg_text_before_share":"","sfsi_plus_gutenberg_show_text_before_share":"","sfsi_plus_gutenberg_icon_type":"","sfsi_plus_gutenberg_icon_alignemt":"","sfsi_plus_gutenburg_max_per_row":"","footnotes":""},"categories":[1],"tags":[],"class_list":["post-70980","post","type-post","status-publish","format-standard","has-post-thumbnail","hentry","category-o-site"],"_links":{"self":[{"href":"https:\/\/www.caririemacao.com\/1\/wp-json\/wp\/v2\/posts\/70980","targetHints":{"allow":["GET"]}}],"collection":[{"href":"https:\/\/www.caririemacao.com\/1\/wp-json\/wp\/v2\/posts"}],"about":[{"href":"https:\/\/www.caririemacao.com\/1\/wp-json\/wp\/v2\/types\/post"}],"author":[{"embeddable":true,"href":"https:\/\/www.caririemacao.com\/1\/wp-json\/wp\/v2\/users\/1"}],"replies":[{"embeddable":true,"href":"https:\/\/www.caririemacao.com\/1\/wp-json\/wp\/v2\/comments?post=70980"}],"version-history":[{"count":1,"href":"https:\/\/www.caririemacao.com\/1\/wp-json\/wp\/v2\/posts\/70980\/revisions"}],"predecessor-version":[{"id":70992,"href":"https:\/\/www.caririemacao.com\/1\/wp-json\/wp\/v2\/posts\/70980\/revisions\/70992"}],"wp:featuredmedia":[{"embeddable":true,"href":"https:\/\/www.caririemacao.com\/1\/wp-json\/wp\/v2\/media\/70991"}],"wp:attachment":[{"href":"https:\/\/www.caririemacao.com\/1\/wp-json\/wp\/v2\/media?parent=70980"}],"wp:term":[{"taxonomy":"category","embeddable":true,"href":"https:\/\/www.caririemacao.com\/1\/wp-json\/wp\/v2\/categories?post=70980"},{"taxonomy":"post_tag","embeddable":true,"href":"https:\/\/www.caririemacao.com\/1\/wp-json\/wp\/v2\/tags?post=70980"}],"curies":[{"name":"wp","href":"https:\/\/api.w.org\/{rel}","templated":true}]}}