{"id":70993,"date":"2018-11-05T07:45:53","date_gmt":"2018-11-05T10:45:53","guid":{"rendered":"http:\/\/www.caririemacao.com\/1\/?p=70993"},"modified":"2018-11-05T07:45:53","modified_gmt":"2018-11-05T10:45:53","slug":"declaracoes-de-bolsonaro-sobre-politica-externa-preocupam-diplomatas","status":"publish","type":"post","link":"https:\/\/www.caririemacao.com\/1\/2018\/11\/05\/declaracoes-de-bolsonaro-sobre-politica-externa-preocupam-diplomatas\/","title":{"rendered":"Declara\u00e7\u00f5es de Bolsonaro sobre pol\u00edtica externa preocupam diplomatas"},"content":{"rendered":"<p>A declara\u00e7\u00e3o do presidente eleito Jair Bolsonaro de que pretende romper la\u00e7os diplom\u00e1ticos com pa\u00edses com governos de esquerda e de fechar a embaixada brasileira em Cuba foi recebida com preocupa\u00e7\u00e3o entre os diplomatas. \u201cQual o neg\u00f3cio que podemos fazer com Cuba? Vamos falar de direitos humanos? Foi acertado h\u00e1 quatro anos, quando Dilma era presidente, que se algu\u00e9m pedisse ex\u00edlio \u2013 no Brasil, como os m\u00e9dicos cubanos \u2013 seria extraditado. D\u00e1 para manter rela\u00e7\u00f5es diplom\u00e1ticas com um pa\u00eds que trata os seus dessa maneira?\u201d, afirmou nesta sexta (2) o presidente eleito em entrevista ao jornal Correio Braziliense e \u00e0 televis\u00e3o Rede Vida.<\/p>\n<p>O ex-embaixador Rubens Ricupero classifica o fechamento da embaixada brasileira em Cuba como um retrocesso para os tempos de Guerra Fria. \u201c\u00c9 uma volta ao esp\u00edrito da Guerra Fria que acabou h\u00e1 mais de 30 anos. A Guerra Fria terminou com a queda do Muro de Berlim e o fim do comunismo. Naquela \u00e9poca \u00e9 que havia esse tipo de atitude. A pol\u00edtica externa brasileira sempre teve como princ\u00edpio a universalidade nas rela\u00e7\u00f5es. N\u00f3s procuramos ter rela\u00e7\u00f5es com todos os pa\u00edses, qualquer que seja a orienta\u00e7\u00e3o de cada um. \u00c9 um imperativo da conviv\u00eancia entre as na\u00e7\u00f5es\u201d, afirmou o diplomata em entrevista \u00e0 Ag\u00eancia Brasil.<\/p>\n<p>O ex-embaixador Rubens Barbosa ressalta que o Brasil tem interesses comerciais com Cuba e defende que as rela\u00e7\u00f5es diplom\u00e1ticas sejam avaliadas com base no interesse brasileiro. \u201cO Brasil tem uma tend\u00eancia a ter rela\u00e7\u00f5es com todos os pa\u00edses e, no caso de Cuba, n\u00f3s temos interesses l\u00e1. Exportamos para Cuba e fazemos investimentos l\u00e1. Cuba tem uma d\u00edvida para com o Brasil, ent\u00e3o a gente precisa colocar as rela\u00e7\u00f5es do Brasil com Cuba e com todos os outros pa\u00edses dentro de um interesse maior do Brasil. Pegando o caso de Cuba, n\u00f3s temos interesse em receber o dinheiro que o Brasil emprestou\u201d, disse \u00e0 Ag\u00eancia Brasil.<\/p>\n<p>Barbosa acredita que, por ser um governo com posi\u00e7\u00e3o clara de direita, haver\u00e1 uma mudan\u00e7a de \u00eanfase com rela\u00e7\u00e3o \u00e0 pol\u00edtica externa. \u201cTemos de esperar o governo assumir para ver a intensidade dessa mudan\u00e7a de \u00eanfase na pol\u00edtica externa. A gente tem que esperar para ver se h\u00e1 um interesse maior do Brasil. N\u00e3o \u00e9 uma quest\u00e3o ideol\u00f3gica, n\u00e3o \u00e9 uma quest\u00e3o s\u00f3 pol\u00edtica. H\u00e1 tamb\u00e9m consequ\u00eancias econ\u00f4micas e financeiras para o Brasil. Isso tudo vai ter que ser avaliado quando o governo tomar posse\u201d, declarou.<\/p>\n<p><strong>Reavalia\u00e7\u00e3o<\/strong><br \/>\nRubens Ricupero tamb\u00e9m acredita que haver\u00e1 uma reavalia\u00e7\u00e3o em torno dessas quest\u00f5es quando o novo governo tomar posse, mas considera que a pol\u00edtica externa at\u00e9 agora apresentada por Bolsonaro est\u00e1 pautada pelo ponto de vista ideol\u00f3gico. \u201cEu espero que, com a escolha do ministro das Rela\u00e7\u00f5es Exteriores, no momento em que o presidente tiver tomado posse, conhecendo melhor as quest\u00f5es, ele vai ter uma orienta\u00e7\u00e3o diferente. Mas, at\u00e9 agora, parece uma pol\u00edtica muito ideol\u00f3gica em contradi\u00e7\u00e3o com o que ele mesmo diz. Ele declarou que teria uma orienta\u00e7\u00e3o pragm\u00e1tica, n\u00e3o ideol\u00f3gica como ele entende que havia sido no passado\u201d, aponta.<\/p>\n<p>Na vis\u00e3o do diplomata, as inten\u00e7\u00f5es declaradas pelo presidente eleito com rela\u00e7\u00e3o a pa\u00edses como Estados Unidos e Israel demonstram o vi\u00e9s ideol\u00f3gico de sua pol\u00edtica externa. Bolsonaro declarou que pretende mover a embaixada brasileira em Israel de Tel Aviv para Jerusal\u00e9m. \u201cComo afirmado durante a campanha, pretendemos transferir a Embaixada do Brasil de Tel Aviv para Jerusal\u00e9m. Israel \u00e9 um Estado soberano e n\u00f3s o respeitamos\u201d, escreveu em sua conta no Twitter na \u00faltima quinta-feira. Para Ricupero, essa decis\u00e3o n\u00e3o se sustenta do ponto de vista pragm\u00e1tico. \u201cNessa regi\u00e3o do Oriente M\u00e9dio, est\u00e3o grandes interesses brasileiros, sobretudo de exporta\u00e7\u00e3o de carne de frango e de carne bovina. Est\u00e3o todos concentrados nos pa\u00edses \u00e1rabes, que s\u00e3o contr\u00e1rios a essa atitude\u201d, explica.<\/p>\n<p>Em rela\u00e7\u00e3o ao alinhamento pol\u00edtico com os Estados Unidos, o diplomata tamb\u00e9m aponta para um componente ideol\u00f3gico. \u201cOs Estados Unidos t\u00eam interesses diferentes dos interesses brasileiros, em muitas coisas eles s\u00e3o at\u00e9 concorrentes do Brasil. Em com\u00e9rcio, por exemplo, em soja, em carne, carne bovina, carne su\u00edna, carne de frango, os EUA competem com o Brasil pelos mercados de fora. Ent\u00e3o uma atitude como essa, de alinhar-se aos EUA \u00e9 uma atitude ideol\u00f3gica\u201d, pontua Ricupero.<\/p>\n<p><strong>China<\/strong><br \/>\nEntre as declara\u00e7\u00f5es do presidente eleito com rela\u00e7\u00e3o \u00e0 pol\u00edtica externa, a afirma\u00e7\u00e3o de que \u201ca China quer comprar o Brasil\u201d tamb\u00e9m gerou repercuss\u00e3o no meio diplom\u00e1tico por causa da importante rela\u00e7\u00e3o comercial entre os pa\u00edses, sendo a China hoje o maior mercado para as exporta\u00e7\u00f5es brasileiras.<\/p>\n<p>Em entrevista para o canal de televis\u00e3o norte-americano Fox News nesta sexta-feira (2), S\u00e9rgio Amaral, embaixador brasileiro em Washington enfatizou a import\u00e2ncia da rela\u00e7\u00e3o entre os dois pa\u00edses.<\/p>\n<p>\u201cA China tem muitos investimentos no Brasil e tornou-se o parceiro comercial mais importante. Mas a diferen\u00e7a na rela\u00e7\u00e3o entre China e Brasil em compara\u00e7\u00e3o com a que a China tem com outros pa\u00edses \u00e9, que sempre que dizemos algo, eles aceitam. Isso depende de n\u00f3s e n\u00f3s temos de decidir que tipo de pol\u00edtica queremos ter com a China. N\u00e3o tem raz\u00e3o para n\u00e3o continuarmos mantendo isso\u201d, afirmou Amaral.<\/p>\n<p>Ricupero considera que qualquer atitude de hostilizar a China por parte do novo governo traria graves consequ\u00eancias econ\u00f4micas para o Brasil, em especial em rela\u00e7\u00e3o \u00e0s exporta\u00e7\u00f5es de soja, min\u00e9rio de ferro e carnes.<\/p>\n<p>\u201cN\u00e3o h\u00e1 outro mercado dessa dimens\u00e3o mesmo porque, nessa \u00e1rea, os Estados Unidos concorrem com o Brasil, sobretudo em soja e em carnes. Ent\u00e3o, mais uma vez, isso prejudicaria o com\u00e9rcio exterior. Se o novo governo seguir essa linha, em pouco tempo vamos perder boa parte dos nossos mercados, sem possibilidade de compensar com outros. Creio que isso traria um preju\u00edzo gigantesco \u00e0 economia brasileira\u201d, afirma Ricupero.<\/p>\n<p>Ag\u00eancia Brasil<\/p>\n","protected":false},"excerpt":{"rendered":"<p>A declara\u00e7\u00e3o do presidente eleito Jair Bolsonaro de que pretende romper la\u00e7os diplom\u00e1ticos com pa\u00edses com governos de esquerda e de fechar a embaixada brasileira&hellip; <\/p>\n","protected":false},"author":1,"featured_media":25031,"comment_status":"closed","ping_status":"closed","sticky":false,"template":"","format":"standard","meta":{"sfsi_plus_gutenberg_text_before_share":"","sfsi_plus_gutenberg_show_text_before_share":"","sfsi_plus_gutenberg_icon_type":"","sfsi_plus_gutenberg_icon_alignemt":"","sfsi_plus_gutenburg_max_per_row":"","footnotes":""},"categories":[1],"tags":[],"class_list":["post-70993","post","type-post","status-publish","format-standard","has-post-thumbnail","hentry","category-o-site"],"_links":{"self":[{"href":"https:\/\/www.caririemacao.com\/1\/wp-json\/wp\/v2\/posts\/70993","targetHints":{"allow":["GET"]}}],"collection":[{"href":"https:\/\/www.caririemacao.com\/1\/wp-json\/wp\/v2\/posts"}],"about":[{"href":"https:\/\/www.caririemacao.com\/1\/wp-json\/wp\/v2\/types\/post"}],"author":[{"embeddable":true,"href":"https:\/\/www.caririemacao.com\/1\/wp-json\/wp\/v2\/users\/1"}],"replies":[{"embeddable":true,"href":"https:\/\/www.caririemacao.com\/1\/wp-json\/wp\/v2\/comments?post=70993"}],"version-history":[{"count":1,"href":"https:\/\/www.caririemacao.com\/1\/wp-json\/wp\/v2\/posts\/70993\/revisions"}],"predecessor-version":[{"id":70994,"href":"https:\/\/www.caririemacao.com\/1\/wp-json\/wp\/v2\/posts\/70993\/revisions\/70994"}],"wp:featuredmedia":[{"embeddable":true,"href":"https:\/\/www.caririemacao.com\/1\/wp-json\/wp\/v2\/media\/25031"}],"wp:attachment":[{"href":"https:\/\/www.caririemacao.com\/1\/wp-json\/wp\/v2\/media?parent=70993"}],"wp:term":[{"taxonomy":"category","embeddable":true,"href":"https:\/\/www.caririemacao.com\/1\/wp-json\/wp\/v2\/categories?post=70993"},{"taxonomy":"post_tag","embeddable":true,"href":"https:\/\/www.caririemacao.com\/1\/wp-json\/wp\/v2\/tags?post=70993"}],"curies":[{"name":"wp","href":"https:\/\/api.w.org\/{rel}","templated":true}]}}