{"id":71004,"date":"2018-11-05T11:43:51","date_gmt":"2018-11-05T14:43:51","guid":{"rendered":"http:\/\/www.caririemacao.com\/1\/?p=71004"},"modified":"2018-11-05T11:43:51","modified_gmt":"2018-11-05T14:43:51","slug":"doria-nomeia-kassab-reu-por-caixa-dois-para-a-casa-civil-e-mantem-seu-foro-privilegiado","status":"publish","type":"post","link":"https:\/\/www.caririemacao.com\/1\/2018\/11\/05\/doria-nomeia-kassab-reu-por-caixa-dois-para-a-casa-civil-e-mantem-seu-foro-privilegiado\/","title":{"rendered":"Doria nomeia Kassab, r\u00e9u por caixa dois, para a Casa Civil e mant\u00e9m seu foro privilegiado"},"content":{"rendered":"<p>O governador eleito de S\u00e3o Paulo, Jo\u00e3o Doria (PSDB), anunciar\u00e1, nesta segunda-feira (5), o ex-prefeito da capital paulista Gilberto Kassab (PSD), atual ministro das Comunica\u00e7\u00f5es do governo\u00a0Michel Temer e r\u00e9u por caixa dois, como secret\u00e1rio da\u00a0Casa Civil\u00a0de sua administra\u00e7\u00e3o.<\/p>\n<p>Kassab fica no minist\u00e9rio at\u00e9 31 de dezembro. No dia seguinte, assumir\u00e1 o cargo na gest\u00e3o Doria. Com isto, ele n\u00e3o ficar\u00e1 nem um dia sem o foro privilegiado.<\/p>\n<div class=\"code-block code-block-1\">\n<div id=\"div-gpt-ad-1527260796756-5\">Kassab tornou-se r\u00e9u por caixa dois em 10 de setembro, ap\u00f3s o\u00a0juiz Jos\u00e9 Gomes Jardim Neto, da 9\u00aa Vara da Fazenda P\u00fablica, da Justi\u00e7a paulista, ter acatado uma a\u00e7\u00e3o de responsabilidade civil por atos de improbidade administrativa contra o ministro. A a\u00e7\u00e3o foi proposta pelo Minist\u00e9rio P\u00fablico de S\u00e3o Paulo em dezembro do ano passado.<\/div>\n<\/div>\n<p>Kassab \u00e9 acusado de\u00a0ter\u00a0recebido o valor de R$ 21,2 milh\u00f5es via caixa dois pela Odebrecht de 2008 a 2014. Ele teve os bens bloqueados pela Justi\u00e7a at\u00e9 este valor.\u00a0\u201cAs provas orais e documentais produzidas pelo Minist\u00e9rio P\u00fablico e pelo Munic\u00edpio de S\u00e3o Paulo mostram que o ex-prefeito Gilberto Kassab recebeu vantagens indevidas de R$\u00a021.251.676,00, em valores nominais, da sociedade empres\u00e1ria Odebrecht. Trata-se de evidente caso de enriquecimento il\u00edcito, decorrente do exerc\u00edcio, pelo demandado, da fun\u00e7\u00e3o de prefeito municipal de S\u00e3o Paulo\u201d, diz a den\u00fancia.<\/p>\n<p>Segundo o MP, a Odebrecht\u00a0apoiou a campanha eleitoral de Kassab \u00e0 prefeitura de S\u00e3o Paulo em 2008 e, depois, seu partido pol\u00edtico,\u00a0somando R$ 3,35 milh\u00f5es.<\/p>\n<p>Conforme MP, de\u00a02013 a\u00a02014, o valor chegou a R$ 17,9 milh\u00f5es com o objetivo de fortalecer a rela\u00e7\u00e3o do Grupo Odebrecht com Kassab e com seu novo partido.<\/p>\n<p>Neste \u00faltimo caso, as quantias teriam sido entregues\u00a0ao PSD em S\u00e3o Paulo \u201cque tinha ci\u00eancia da ilegalidade dos recursos\u201d, de acordo com a den\u00fancia.<\/p>\n<p>A a\u00e7\u00e3o foi proposta por um grupo de promotores que, depois dos desdobramentos da Opera\u00e7\u00e3o Lava Jato, fecharam acordo com a Odebrecht. Depoimentos de executivos da empresa d\u00e3o ind\u00edcios dos pagamentos via caixa dois. A empresa se comprometeu, segundo a promotoria, a pagar a quantia de R$ 21,2 milh\u00f5es, a t\u00edtulo de multa por improbidade administrativa e indeniza\u00e7\u00e3o por danos materiais e morais, correspondente ao total entregue como caixa dois a Kassab. Pelo acordo, a empresa est\u00e1 livre de responder ao processo, aceitando pagar as multas arbitradas.<\/p>\n<p style=\"text-align: right;\"><strong><em>\u00a0Ag\u00eancia Brasil\/Foto: Internet<\/em><\/strong><\/p>\n","protected":false},"excerpt":{"rendered":"<p>O governador eleito de S\u00e3o Paulo, Jo\u00e3o Doria (PSDB), anunciar\u00e1, nesta segunda-feira (5), o ex-prefeito da capital paulista Gilberto Kassab (PSD), atual ministro das Comunica\u00e7\u00f5es&hellip; <\/p>\n","protected":false},"author":1,"featured_media":71005,"comment_status":"closed","ping_status":"closed","sticky":false,"template":"","format":"standard","meta":{"sfsi_plus_gutenberg_text_before_share":"","sfsi_plus_gutenberg_show_text_before_share":"","sfsi_plus_gutenberg_icon_type":"","sfsi_plus_gutenberg_icon_alignemt":"","sfsi_plus_gutenburg_max_per_row":"","footnotes":""},"categories":[11],"tags":[],"class_list":["post-71004","post","type-post","status-publish","format-standard","has-post-thumbnail","hentry","category-politica"],"_links":{"self":[{"href":"https:\/\/www.caririemacao.com\/1\/wp-json\/wp\/v2\/posts\/71004","targetHints":{"allow":["GET"]}}],"collection":[{"href":"https:\/\/www.caririemacao.com\/1\/wp-json\/wp\/v2\/posts"}],"about":[{"href":"https:\/\/www.caririemacao.com\/1\/wp-json\/wp\/v2\/types\/post"}],"author":[{"embeddable":true,"href":"https:\/\/www.caririemacao.com\/1\/wp-json\/wp\/v2\/users\/1"}],"replies":[{"embeddable":true,"href":"https:\/\/www.caririemacao.com\/1\/wp-json\/wp\/v2\/comments?post=71004"}],"version-history":[{"count":1,"href":"https:\/\/www.caririemacao.com\/1\/wp-json\/wp\/v2\/posts\/71004\/revisions"}],"predecessor-version":[{"id":71006,"href":"https:\/\/www.caririemacao.com\/1\/wp-json\/wp\/v2\/posts\/71004\/revisions\/71006"}],"wp:featuredmedia":[{"embeddable":true,"href":"https:\/\/www.caririemacao.com\/1\/wp-json\/wp\/v2\/media\/71005"}],"wp:attachment":[{"href":"https:\/\/www.caririemacao.com\/1\/wp-json\/wp\/v2\/media?parent=71004"}],"wp:term":[{"taxonomy":"category","embeddable":true,"href":"https:\/\/www.caririemacao.com\/1\/wp-json\/wp\/v2\/categories?post=71004"},{"taxonomy":"post_tag","embeddable":true,"href":"https:\/\/www.caririemacao.com\/1\/wp-json\/wp\/v2\/tags?post=71004"}],"curies":[{"name":"wp","href":"https:\/\/api.w.org\/{rel}","templated":true}]}}