{"id":71007,"date":"2018-11-05T11:46:36","date_gmt":"2018-11-05T14:46:36","guid":{"rendered":"http:\/\/www.caririemacao.com\/1\/?p=71007"},"modified":"2018-11-05T12:11:17","modified_gmt":"2018-11-05T15:11:17","slug":"32-mil-paraibanos-nao-fizeram-primeiro-dia-de-prova-do-enem-2018","status":"publish","type":"post","link":"https:\/\/www.caririemacao.com\/1\/2018\/11\/05\/32-mil-paraibanos-nao-fizeram-primeiro-dia-de-prova-do-enem-2018\/","title":{"rendered":"32 mil paraibanos n\u00e3o fizeram primeiro dia de prova do Enem 2018"},"content":{"rendered":"<p>Mais de 32 mil paraibanos deixaram de fazer a primeira etapa do Exame Nacional do Ensino M\u00e9dio, realizada nesse domingo (04) em todo Brasil. Ao todo, cerca de 152 mil estudantes estavam aptos para fazer as provas no estado. A aus\u00eancia representa 21% do total de inscritos no estado.<\/p>\n<p>Em todo Brasil, o Enem teve o menor percentual de faltantes desde 2009, de acordo com o Instituto Nacional de Estudos e Pesquisas Educacionais An\u00edsio Teixeira (Inep), 24,9%, o que representa cerca de 1,4 milh\u00e3o de estudantes do total de 5,5 milh\u00f5es de inscritos.<\/p>\n<p>At\u00e9 ent\u00e3o a menor porcentagem de ausentes foi registrada em 2011, quando 26,4% n\u00e3o fizeram as provas. De acordo com o ministro da Educa\u00e7\u00e3o, Rossieli Soares, o n\u00famero final de faltantes ser\u00e1 divulgado no segundo dia do exame, 11 de novembro. Aqueles que comparecerem no segundo dia de prova ser\u00e3o considerados presentes.<\/p>\n<p>Para Soares, a redu\u00e7\u00e3o das faltas se deve, entre outros motivos, pela mudan\u00e7a nas regras do exame. Os estudantes isentos que faltarem perder\u00e3o a isen\u00e7\u00e3o no pr\u00f3ximo Enem caso n\u00e3o justifiquem a aus\u00eancia. Al\u00e9m disso, contribuiu o fato das provas serem realizadas em dois domingos e n\u00e3o mais em um s\u00e1bado e um domingo. \u201cImportante termos esse resultado. Avan\u00e7armos na quest\u00e3o dos ausentes\u201d, diz Soares. Na avalia\u00e7\u00e3o dele, a log\u00edstica \u201cfuncionou e est\u00e1 funcionando maravilhosamente bem\u201d.<\/p>\n<p>Do total de inscritos, 10,55%, no primeiro dia do Enem n\u00e3o acessaram o cart\u00e3o de confirma\u00e7\u00e3o, que cont\u00e9m o local de prova, o que equivale a 581.892 participantes. Na avalia\u00e7\u00e3o do Inep, o acesso foi grande. A Para\u00edba foi o estado com maior n\u00famero de acesso ao cart\u00e3o de confirma\u00e7\u00e3o do pa\u00eds. Mais de 92% dos candidatos no estado procuraram saber o local de prova.<\/p>\n<p>Os estudantes fizeram provas de linguagem, ci\u00eancias humanas e reda\u00e7\u00e3o. O exame segue no dia 11 de novembro, quando os estudantes far\u00e3o provas de ci\u00eancias da natureza e matem\u00e1tica.<\/p>\n<p>O gabarito oficial ser\u00e1 divulgado em 14 de novembro, juntamente com os Cadernos de Quest\u00f5es, no Site do Enem e no Aplicativo. J\u00e1 o resultado dever\u00e1 ser divulgado no dia 18 de janeiro de 2019.<\/p>\n<p style=\"text-align: right;\"><em><strong>Para\u00edba J\u00e1\/Foto: Internet\u00a0<\/strong><\/em><\/p>\n","protected":false},"excerpt":{"rendered":"<p>Mais de 32 mil paraibanos deixaram de fazer a primeira etapa do Exame Nacional do Ensino M\u00e9dio, realizada nesse domingo (04) em todo Brasil. Ao&hellip; <\/p>\n","protected":false},"author":1,"featured_media":33124,"comment_status":"closed","ping_status":"closed","sticky":false,"template":"","format":"standard","meta":{"sfsi_plus_gutenberg_text_before_share":"","sfsi_plus_gutenberg_show_text_before_share":"","sfsi_plus_gutenberg_icon_type":"","sfsi_plus_gutenberg_icon_alignemt":"","sfsi_plus_gutenburg_max_per_row":"","footnotes":""},"categories":[14],"tags":[],"class_list":["post-71007","post","type-post","status-publish","format-standard","has-post-thumbnail","hentry","category-educacao"],"_links":{"self":[{"href":"https:\/\/www.caririemacao.com\/1\/wp-json\/wp\/v2\/posts\/71007","targetHints":{"allow":["GET"]}}],"collection":[{"href":"https:\/\/www.caririemacao.com\/1\/wp-json\/wp\/v2\/posts"}],"about":[{"href":"https:\/\/www.caririemacao.com\/1\/wp-json\/wp\/v2\/types\/post"}],"author":[{"embeddable":true,"href":"https:\/\/www.caririemacao.com\/1\/wp-json\/wp\/v2\/users\/1"}],"replies":[{"embeddable":true,"href":"https:\/\/www.caririemacao.com\/1\/wp-json\/wp\/v2\/comments?post=71007"}],"version-history":[{"count":1,"href":"https:\/\/www.caririemacao.com\/1\/wp-json\/wp\/v2\/posts\/71007\/revisions"}],"predecessor-version":[{"id":71008,"href":"https:\/\/www.caririemacao.com\/1\/wp-json\/wp\/v2\/posts\/71007\/revisions\/71008"}],"wp:featuredmedia":[{"embeddable":true,"href":"https:\/\/www.caririemacao.com\/1\/wp-json\/wp\/v2\/media\/33124"}],"wp:attachment":[{"href":"https:\/\/www.caririemacao.com\/1\/wp-json\/wp\/v2\/media?parent=71007"}],"wp:term":[{"taxonomy":"category","embeddable":true,"href":"https:\/\/www.caririemacao.com\/1\/wp-json\/wp\/v2\/categories?post=71007"},{"taxonomy":"post_tag","embeddable":true,"href":"https:\/\/www.caririemacao.com\/1\/wp-json\/wp\/v2\/tags?post=71007"}],"curies":[{"name":"wp","href":"https:\/\/api.w.org\/{rel}","templated":true}]}}