{"id":71009,"date":"2018-11-05T11:58:11","date_gmt":"2018-11-05T14:58:11","guid":{"rendered":"http:\/\/www.caririemacao.com\/1\/?p=71009"},"modified":"2018-11-05T11:58:11","modified_gmt":"2018-11-05T14:58:11","slug":"esf-ii-do-distrito-de-barreiras-em-caraubas-realizou-dezenas-de-atividades-no-outubro-rosa","status":"publish","type":"post","link":"https:\/\/www.caririemacao.com\/1\/2018\/11\/05\/esf-ii-do-distrito-de-barreiras-em-caraubas-realizou-dezenas-de-atividades-no-outubro-rosa\/","title":{"rendered":"ESF II Do Distrito De Barreiras, em Cara\u00fabas, realizou dezenas de atividades no Outubro Rosa"},"content":{"rendered":"<p>A Equipe de Estrat\u00e9gia da Sa\u00fade da Fam\u00edlia \u2013 ESFII, do Distrito de Barreiras, no munic\u00edpio de Cara\u00fabas promoveu v\u00e1rias atividades desde o in\u00edcio do m\u00eas de Outubro relacionadas a campanha de detec\u00e7\u00e3o e preven\u00e7\u00e3o ao c\u00e2ncer de mama. De acordo com a diretora da unidade de sa\u00fade Jos\u00e9 Clemente de Queiroz, Claudiane Alves(Preta) desde o dia primeiro que toda equipe foi mobilizada mediante um planejamento em parceria com a secretaria da sa\u00fade visando atingir o maior n\u00famero de pessoas ligadas aquela unidade.<\/p>\n<p>Este ano a campanha Outubro Rosa teve como tema \u201cC\u00e2ncer de mama: vamos falar sobre isso?\u201c. De acordo com as recomenda\u00e7\u00f5es do Minist\u00e9rio da Sa\u00fade o objetivo \u00e9 o rastreamento e o diagn\u00f3stico precoce do c\u00e2ncer de mama e desmistificar conceitos em rela\u00e7\u00e3o \u00e0 doen\u00e7a. A campanha enfatiza a import\u00e2ncia de a mulher conhecer suas mamas e ficar atenta \u00e0s altera\u00e7\u00f5es suspeitas; informa que para mulheres de 50 a 69 anos \u00e9 recomendada a realiza\u00e7\u00e3o de uma mamografia de rastreamento a cada dois anos; mostra a diferen\u00e7a entre mamografia de rastreamento e diagn\u00f3stica; esclarece os benef\u00edcios e malef\u00edcios da mamografia de rastreamento e informa que o Sistema \u00danico de Sa\u00fade (SUS) garante a oferta gratuita de exame de mamografia para as mulheres brasileiras em todas as faixas et\u00e1rias.<\/p>\n<p>Na tarde da \u00faltima ter\u00e7a-feira dezenas de autoridades e centenhas de pessoas participaram das atividades desenvolvidas na unidade da sa\u00fade, a exemplo do prefeito Silvano Dudu, da primeira dama e vereadora Neide de Assis, a secret\u00e1ria da Sa\u00fade, Raissa Fernandes, bem como, toda a equipe do ESFII formada por enfermeiro, cirurgi\u00e3o dentista, nutricionista, psic\u00f3loga, m\u00e9dico e a popula\u00e7\u00e3o em geral.<\/p>\n<p>De acordo com Claudiane Alves, uma vasta programa\u00e7\u00e3o foi realizada durante todo o m\u00eas. Foram v\u00e1rias palestras e visitas as comunidades rurais. No encerramento da campanha tivemos v\u00e1rias atividades com os presentes, desde palestras com profissionais da sa\u00fade e da assist\u00eancia social, bem como, a participa\u00e7\u00e3o do m\u00e9dico Thiago Cardoso e o enfermeiro Salatiel Freitas falando sobre a import\u00e2ncia da campanha Outubro Rosa e proferindo palestra sobre o c\u00e2ncer de mama. Ainda no per\u00edodo vespertino foi realizada v\u00e1rias din\u00e2micas como forma de interagir com o p\u00fablico presente, e ainda foi servido um lanche aos participantes, afirmou ela.<\/p>\n<p>O prefeito Silvano Dudu ressaltou a import\u00e2ncia da uni\u00e3o da equipe em desenvolver essas atividades, pois, somente com a for\u00e7a de todos juntos poderemos esclarecer a popula\u00e7\u00e3o de como ser evitar o c\u00e2ncer de mama com a ado\u00e7\u00e3o de h\u00e1bitos saud\u00e1veis como: praticar atividade f\u00edsica regularmente, alimentar-se de forma saud\u00e1vel, manter o peso corporal adequado, evitar o consumo de bebidas alco\u00f3licas e amamentar.<\/p>\n<p>&nbsp;<\/p>\n<p style=\"text-align: right;\"><em><strong>SEPLACOM\/Foto: Claudiane Alves<\/strong><\/em><\/p>\n","protected":false},"excerpt":{"rendered":"<p>A Equipe de Estrat\u00e9gia da Sa\u00fade da Fam\u00edlia \u2013 ESFII, do Distrito de Barreiras, no munic\u00edpio de Cara\u00fabas promoveu v\u00e1rias atividades desde o in\u00edcio do&hellip; <\/p>\n","protected":false},"author":1,"featured_media":71010,"comment_status":"closed","ping_status":"closed","sticky":false,"template":"","format":"standard","meta":{"sfsi_plus_gutenberg_text_before_share":"","sfsi_plus_gutenberg_show_text_before_share":"","sfsi_plus_gutenberg_icon_type":"","sfsi_plus_gutenberg_icon_alignemt":"","sfsi_plus_gutenburg_max_per_row":"","footnotes":""},"categories":[16],"tags":[],"class_list":["post-71009","post","type-post","status-publish","format-standard","has-post-thumbnail","hentry","category-saude"],"_links":{"self":[{"href":"https:\/\/www.caririemacao.com\/1\/wp-json\/wp\/v2\/posts\/71009","targetHints":{"allow":["GET"]}}],"collection":[{"href":"https:\/\/www.caririemacao.com\/1\/wp-json\/wp\/v2\/posts"}],"about":[{"href":"https:\/\/www.caririemacao.com\/1\/wp-json\/wp\/v2\/types\/post"}],"author":[{"embeddable":true,"href":"https:\/\/www.caririemacao.com\/1\/wp-json\/wp\/v2\/users\/1"}],"replies":[{"embeddable":true,"href":"https:\/\/www.caririemacao.com\/1\/wp-json\/wp\/v2\/comments?post=71009"}],"version-history":[{"count":1,"href":"https:\/\/www.caririemacao.com\/1\/wp-json\/wp\/v2\/posts\/71009\/revisions"}],"predecessor-version":[{"id":71011,"href":"https:\/\/www.caririemacao.com\/1\/wp-json\/wp\/v2\/posts\/71009\/revisions\/71011"}],"wp:featuredmedia":[{"embeddable":true,"href":"https:\/\/www.caririemacao.com\/1\/wp-json\/wp\/v2\/media\/71010"}],"wp:attachment":[{"href":"https:\/\/www.caririemacao.com\/1\/wp-json\/wp\/v2\/media?parent=71009"}],"wp:term":[{"taxonomy":"category","embeddable":true,"href":"https:\/\/www.caririemacao.com\/1\/wp-json\/wp\/v2\/categories?post=71009"},{"taxonomy":"post_tag","embeddable":true,"href":"https:\/\/www.caririemacao.com\/1\/wp-json\/wp\/v2\/tags?post=71009"}],"curies":[{"name":"wp","href":"https:\/\/api.w.org\/{rel}","templated":true}]}}