{"id":71012,"date":"2018-11-05T12:01:43","date_gmt":"2018-11-05T15:01:43","guid":{"rendered":"http:\/\/www.caririemacao.com\/1\/?p=71012"},"modified":"2018-11-05T12:01:43","modified_gmt":"2018-11-05T15:01:43","slug":"caraubas-e-contemplado-com-o-programa-crianca-feliz","status":"publish","type":"post","link":"https:\/\/www.caririemacao.com\/1\/2018\/11\/05\/caraubas-e-contemplado-com-o-programa-crianca-feliz\/","title":{"rendered":"Cara\u00fabas \u00e9 contemplado com o Programa Crian\u00e7a Feliz"},"content":{"rendered":"<p>A secretaria da Assist\u00eancia Social do munic\u00edpio de Cara\u00fabas realizou na manh\u00e3 de ontem, quarta-feira, dia 31\/10, a solenidade de lan\u00e7amento oficial do Programa \u201cCrian\u00e7a Feliz\u201d, do Minist\u00e9rio do Desenvolvimento Social do Governo Federal.<\/p>\n<p>O Programa Crian\u00e7a Feliz surge como uma importante ferramenta para que fam\u00edlias com crian\u00e7as entre zero e seis anos ofere\u00e7am a seus pequenos ferramentas para promover seu desenvolvimento integral. Por meio de visitas domiciliares \u00e0s fam\u00edlias participantes do Programa Bolsa Fam\u00edlia, as equipes do Crian\u00e7a Feliz far\u00e3o o acompanhamento e dar\u00e3o orienta\u00e7\u00f5es importantes para fortalecer os v\u00ednculos familiares e comunit\u00e1rios e estimular o desenvolvimento infantil.<\/p>\n<p>Os visitadores ser\u00e3o capacitados em diversas \u00e1reas de conhecimento, como sa\u00fade, educa\u00e7\u00e3o, servi\u00e7o social, direitos humanos, cultura etc. A troca com as fam\u00edlias ser\u00e1 rica e constante. Assim, novos campe\u00f5es ser\u00e3o criados e a luta pelo desenvolvimento social ser\u00e1 vencida. Para participar do programa, \u00e9 preciso manter os dados no Cadastro \u00danico atualizados, principalmente quando h\u00e1 gr\u00e1vidas e crian\u00e7as de at\u00e9 tr\u00eas anos na fam\u00edlia.<\/p>\n<p>Participaram da solenidade de lan\u00e7amento do Programa o prefeito Silvano Dudu, a primeira dama e vereadora Neide de Assis, a presidente do programa em n\u00edvel local Madalena Lima, a secret\u00e1ria da Assist\u00eancia Social, Fl\u00e1via Emanola Quirino, o adjunto da SEMAS Patrick Batista, vereador Tom\u00e1s Bezerra, secret\u00e1ria da Sa\u00fade, Rayssa Fernandes, secret\u00e1ria do Turismo Silvana Myllena, secret\u00e1rio da agricultura, Rone Feitoza, secret\u00e1rio do Planejamento, Comunica\u00e7\u00e3o e Gest\u00e3o, Eduardo Belo, as representantes do Conselho Tutelas, Branca e Nina, coordenadora do CRAS, a assistente social, Luzineide Maria da Costa, psic\u00f3loga do CRAS, Keyla Menezes, bem como, as visitadoras do PCF, Euda, Fernanda e Maria Rita.<\/p>\n<p>Ap\u00f3s a fala dos integrantes da mesa de honra da solenidade, a psic\u00f3loga e secret\u00e1ria da Assist\u00eancia Social do munic\u00edpio de Camala\u00fa, Jussara Mariano, fez a apresenta\u00e7\u00e3o do Programa Crian\u00e7a Feliz. Em sua apresenta\u00e7\u00e3o ela destacou a import\u00e2ncia da ades\u00e3o do munic\u00edpio ao mencionado Programa, destacando as a\u00e7\u00f5es desenvolvidas pelo PCF.<\/p>\n<p style=\"text-align: right;\">\n<em><strong>SEPLACOM\/Foto: Cariri em A\u00e7\u00e3o\u00a0<\/strong><\/em><\/p>\n","protected":false},"excerpt":{"rendered":"<p>A secretaria da Assist\u00eancia Social do munic\u00edpio de Cara\u00fabas realizou na manh\u00e3 de ontem, quarta-feira, dia 31\/10, a solenidade de lan\u00e7amento oficial do Programa \u201cCrian\u00e7a&hellip; <\/p>\n","protected":false},"author":1,"featured_media":14127,"comment_status":"closed","ping_status":"closed","sticky":false,"template":"","format":"standard","meta":{"sfsi_plus_gutenberg_text_before_share":"","sfsi_plus_gutenberg_show_text_before_share":"","sfsi_plus_gutenberg_icon_type":"","sfsi_plus_gutenberg_icon_alignemt":"","sfsi_plus_gutenburg_max_per_row":"","footnotes":""},"categories":[6],"tags":[],"class_list":["post-71012","post","type-post","status-publish","format-standard","has-post-thumbnail","hentry","category-cidades"],"_links":{"self":[{"href":"https:\/\/www.caririemacao.com\/1\/wp-json\/wp\/v2\/posts\/71012","targetHints":{"allow":["GET"]}}],"collection":[{"href":"https:\/\/www.caririemacao.com\/1\/wp-json\/wp\/v2\/posts"}],"about":[{"href":"https:\/\/www.caririemacao.com\/1\/wp-json\/wp\/v2\/types\/post"}],"author":[{"embeddable":true,"href":"https:\/\/www.caririemacao.com\/1\/wp-json\/wp\/v2\/users\/1"}],"replies":[{"embeddable":true,"href":"https:\/\/www.caririemacao.com\/1\/wp-json\/wp\/v2\/comments?post=71012"}],"version-history":[{"count":1,"href":"https:\/\/www.caririemacao.com\/1\/wp-json\/wp\/v2\/posts\/71012\/revisions"}],"predecessor-version":[{"id":71013,"href":"https:\/\/www.caririemacao.com\/1\/wp-json\/wp\/v2\/posts\/71012\/revisions\/71013"}],"wp:featuredmedia":[{"embeddable":true,"href":"https:\/\/www.caririemacao.com\/1\/wp-json\/wp\/v2\/media\/14127"}],"wp:attachment":[{"href":"https:\/\/www.caririemacao.com\/1\/wp-json\/wp\/v2\/media?parent=71012"}],"wp:term":[{"taxonomy":"category","embeddable":true,"href":"https:\/\/www.caririemacao.com\/1\/wp-json\/wp\/v2\/categories?post=71012"},{"taxonomy":"post_tag","embeddable":true,"href":"https:\/\/www.caririemacao.com\/1\/wp-json\/wp\/v2\/tags?post=71012"}],"curies":[{"name":"wp","href":"https:\/\/api.w.org\/{rel}","templated":true}]}}