{"id":71018,"date":"2018-11-05T12:18:31","date_gmt":"2018-11-05T15:18:31","guid":{"rendered":"http:\/\/www.caririemacao.com\/1\/?p=71018"},"modified":"2018-11-05T12:18:31","modified_gmt":"2018-11-05T15:18:31","slug":"defesa-de-lula-ingressa-com-novo-pedido-de-hc-no-stf-e-pede-suspeicao-de-moro","status":"publish","type":"post","link":"https:\/\/www.caririemacao.com\/1\/2018\/11\/05\/defesa-de-lula-ingressa-com-novo-pedido-de-hc-no-stf-e-pede-suspeicao-de-moro\/","title":{"rendered":"Defesa de Lula ingressa com novo pedido de HC no STF e pede suspei\u00e7\u00e3o de Moro"},"content":{"rendered":"<p>A defesa do ex-presidente Luiz In\u00e1cio Lula da Silva entrou, nesta segunda-feira (5), com pedido de Habeas Corpus do ex-presidente no Supremo Tribunal Federal (STF). \u00a0A justificativa para o novo HC se deve, de acordo com a defesa, \u00e0 suspei\u00e7\u00e3o do juiz S\u00e9rgio Moro para julgar o caso e pede an\u00e1lise da \u201catua\u00e7\u00e3o do magistrado em desfavor do Paciente e com repercuss\u00e3o no processo eleitoral de 2018\u201d.<\/p>\n<p>A defesa alega que Moro j\u00e1 mantinha contato com a alta c\u00fapula da campanha do presidente eleito que, \u201cpor seu turno, manifestou desejo de que o Paciente venha a \u2018apodrecer na cadeia\u2019\u201d.<\/p>\n<p>Alega ainda a \u201cposs\u00edvel infer\u00eancia de projeto pol\u00edtico e hoje materializado \u2014 no todo ou em parte \u2014 na aceita\u00e7\u00e3o de relevante minist\u00e9rio no governo federal que ser\u00e1 capitaneado por opositor pol\u00edtico do Paciente\u201d.<\/p>\n<p>Ao pedido de HC, a defesa do ex-presidente anexou o pedido de suspei\u00e7\u00e3o do juiz S\u00e9rgio Moro, e, com isto, \u201cdeclarar a nulidade (CPP, art. 564, I) de todo o processo e restabelecer a liberdade plena do Paciente\u201d.<\/p>\n<p style=\"text-align: right;\"><em><strong>Revista F\u00f3rum\/Foto: Internet\u00a0<\/strong><\/em><\/p>\n","protected":false},"excerpt":{"rendered":"<p>A defesa do ex-presidente Luiz In\u00e1cio Lula da Silva entrou, nesta segunda-feira (5), com pedido de Habeas Corpus do ex-presidente no Supremo Tribunal Federal (STF).&hellip; <\/p>\n","protected":false},"author":1,"featured_media":3247,"comment_status":"closed","ping_status":"closed","sticky":false,"template":"","format":"standard","meta":{"sfsi_plus_gutenberg_text_before_share":"","sfsi_plus_gutenberg_show_text_before_share":"","sfsi_plus_gutenberg_icon_type":"","sfsi_plus_gutenberg_icon_alignemt":"","sfsi_plus_gutenburg_max_per_row":"","footnotes":""},"categories":[2],"tags":[],"class_list":["post-71018","post","type-post","status-publish","format-standard","has-post-thumbnail","hentry","category-geral"],"_links":{"self":[{"href":"https:\/\/www.caririemacao.com\/1\/wp-json\/wp\/v2\/posts\/71018","targetHints":{"allow":["GET"]}}],"collection":[{"href":"https:\/\/www.caririemacao.com\/1\/wp-json\/wp\/v2\/posts"}],"about":[{"href":"https:\/\/www.caririemacao.com\/1\/wp-json\/wp\/v2\/types\/post"}],"author":[{"embeddable":true,"href":"https:\/\/www.caririemacao.com\/1\/wp-json\/wp\/v2\/users\/1"}],"replies":[{"embeddable":true,"href":"https:\/\/www.caririemacao.com\/1\/wp-json\/wp\/v2\/comments?post=71018"}],"version-history":[{"count":1,"href":"https:\/\/www.caririemacao.com\/1\/wp-json\/wp\/v2\/posts\/71018\/revisions"}],"predecessor-version":[{"id":71019,"href":"https:\/\/www.caririemacao.com\/1\/wp-json\/wp\/v2\/posts\/71018\/revisions\/71019"}],"wp:featuredmedia":[{"embeddable":true,"href":"https:\/\/www.caririemacao.com\/1\/wp-json\/wp\/v2\/media\/3247"}],"wp:attachment":[{"href":"https:\/\/www.caririemacao.com\/1\/wp-json\/wp\/v2\/media?parent=71018"}],"wp:term":[{"taxonomy":"category","embeddable":true,"href":"https:\/\/www.caririemacao.com\/1\/wp-json\/wp\/v2\/categories?post=71018"},{"taxonomy":"post_tag","embeddable":true,"href":"https:\/\/www.caririemacao.com\/1\/wp-json\/wp\/v2\/tags?post=71018"}],"curies":[{"name":"wp","href":"https:\/\/api.w.org\/{rel}","templated":true}]}}