{"id":71023,"date":"2018-11-05T12:35:30","date_gmt":"2018-11-05T15:35:30","guid":{"rendered":"http:\/\/www.caririemacao.com\/1\/?p=71023"},"modified":"2018-11-05T12:35:30","modified_gmt":"2018-11-05T15:35:30","slug":"homem-e-morto-apos-tiroteio-na-zona-rural-de-sao-joao-do-tigre","status":"publish","type":"post","link":"https:\/\/www.caririemacao.com\/1\/2018\/11\/05\/homem-e-morto-apos-tiroteio-na-zona-rural-de-sao-joao-do-tigre\/","title":{"rendered":"Homem \u00e9 morto ap\u00f3s tiroteio na zona rural de S\u00e3o Jo\u00e3o do Tigre"},"content":{"rendered":"<p>Nesta manh\u00e3 de segunda-feira (05), populares encontraram um corpo de um homem, Trata-se do jovem Laudivan Rodrigues, 31 anos, vulgo \u2018Jo\u00e3o\/Gago.\u2019 Ap\u00f3s tiroteio pr\u00f3ximo a casa de Cosme e Dami\u00e3o, no S\u00edtio Quatis, zona rural do munic\u00edpio de S\u00e3o Jo\u00e3o do Tigre, cariri paraibano. Popules e nem os familiares souberam informar a causa do homic\u00eddio.<\/p>\n<p>A PM\/PC j\u00e1 se encontra no local do crime. E faz o isolamento do local, e far\u00e1 o levantamento cadav\u00e9rica. Seguinte, o corpo ser\u00e1 encaminhado ao IML de Campina Grande-PB.<\/p>\n<p>Com F\u00e1bio Brito<\/p>\n","protected":false},"excerpt":{"rendered":"<p>Nesta manh\u00e3 de segunda-feira (05), populares encontraram um corpo de um homem, Trata-se do jovem Laudivan Rodrigues, 31 anos, vulgo \u2018Jo\u00e3o\/Gago.\u2019 Ap\u00f3s tiroteio pr\u00f3ximo a&hellip; <\/p>\n","protected":false},"author":1,"featured_media":42005,"comment_status":"closed","ping_status":"closed","sticky":false,"template":"","format":"standard","meta":{"sfsi_plus_gutenberg_text_before_share":"","sfsi_plus_gutenberg_show_text_before_share":"","sfsi_plus_gutenberg_icon_type":"","sfsi_plus_gutenberg_icon_alignemt":"","sfsi_plus_gutenburg_max_per_row":"","footnotes":""},"categories":[12],"tags":[],"class_list":["post-71023","post","type-post","status-publish","format-standard","has-post-thumbnail","hentry","category-policia"],"_links":{"self":[{"href":"https:\/\/www.caririemacao.com\/1\/wp-json\/wp\/v2\/posts\/71023","targetHints":{"allow":["GET"]}}],"collection":[{"href":"https:\/\/www.caririemacao.com\/1\/wp-json\/wp\/v2\/posts"}],"about":[{"href":"https:\/\/www.caririemacao.com\/1\/wp-json\/wp\/v2\/types\/post"}],"author":[{"embeddable":true,"href":"https:\/\/www.caririemacao.com\/1\/wp-json\/wp\/v2\/users\/1"}],"replies":[{"embeddable":true,"href":"https:\/\/www.caririemacao.com\/1\/wp-json\/wp\/v2\/comments?post=71023"}],"version-history":[{"count":1,"href":"https:\/\/www.caririemacao.com\/1\/wp-json\/wp\/v2\/posts\/71023\/revisions"}],"predecessor-version":[{"id":71024,"href":"https:\/\/www.caririemacao.com\/1\/wp-json\/wp\/v2\/posts\/71023\/revisions\/71024"}],"wp:featuredmedia":[{"embeddable":true,"href":"https:\/\/www.caririemacao.com\/1\/wp-json\/wp\/v2\/media\/42005"}],"wp:attachment":[{"href":"https:\/\/www.caririemacao.com\/1\/wp-json\/wp\/v2\/media?parent=71023"}],"wp:term":[{"taxonomy":"category","embeddable":true,"href":"https:\/\/www.caririemacao.com\/1\/wp-json\/wp\/v2\/categories?post=71023"},{"taxonomy":"post_tag","embeddable":true,"href":"https:\/\/www.caririemacao.com\/1\/wp-json\/wp\/v2\/tags?post=71023"}],"curies":[{"name":"wp","href":"https:\/\/api.w.org\/{rel}","templated":true}]}}