{"id":71026,"date":"2018-11-05T12:40:36","date_gmt":"2018-11-05T15:40:36","guid":{"rendered":"http:\/\/www.caririemacao.com\/1\/?p=71026"},"modified":"2018-11-05T12:41:39","modified_gmt":"2018-11-05T15:41:39","slug":"bolsonaro-discute-extradicao-de-cesare-battisti-com-embaixador-italiano","status":"publish","type":"post","link":"https:\/\/www.caririemacao.com\/1\/2018\/11\/05\/bolsonaro-discute-extradicao-de-cesare-battisti-com-embaixador-italiano\/","title":{"rendered":"Bolsonaro discute extradi\u00e7\u00e3o de Cesare Battisti com embaixador italiano"},"content":{"rendered":"<p>O embaixador da It\u00e1lia no Brasil, Antonio Bernardini, discutiu nesta segunda-feira pela manh\u00e3 a extradi\u00e7\u00e3o do ex-guerrilheiro Cesare Battisti com o presidente eleito Jair Bolsonaro . Em diversos momentos, Bolsonaro j\u00e1 se manifestou favor\u00e1vel \u00e0 medida.<\/p>\n<p>Bernardini conversou por cerca de uma hora com Bolsonaro. Segundo ele, h\u00e1 sintonia entre as vis\u00f5es do presidente eleito e do governo italiano sobre o caso.<\/p>\n<p>&#8211; Claro que falamos do caso Battisti. O caso \u00e9 muito claro, a It\u00e1lia est\u00e1 pedindo a extradi\u00e7\u00e3o e o caso \u00e9 discutido no Supremo Tribunal Federal. Esperamos que o Supremo tome a decis\u00e3o no prazo mais curto poss\u00edvel &#8211; afirmou.<\/p>\n<p>&#8211; Ele tem a mesma ideia que eu sobre o caso.<\/p>\n<p>Al\u00e9m de discutir a extradi\u00e7\u00e3o, a delega\u00e7\u00e3o italiana tratou da amplia\u00e7\u00e3o das rela\u00e7\u00f5es comerciais e da coopera\u00e7\u00e3o entre as na\u00e7\u00f5es depois da posse do novo governo. H\u00e1 tratativas para uma visita do presidente brasileiro \u00e0 It\u00e1lia, mas &#8220;tudo ser\u00e1 definido no futuro&#8221;, garantiu.<\/p>\n<p>&#8211; Foi uma conversa muito simp\u00e1tica. O nome Bolsonaro \u00e9 de origem italiana, o presidente falou da origem da fam\u00edlia &#8211; relatou.<\/p>\n<p>&#8211; Temos uma presen\u00e7a no Brasil que \u00e9 hist\u00f3rica, claro que estamos olhando as possibilidades para no futuro aumentar a presen\u00e7a italiana e cooperar com o Brasil.<\/p>\n<p>Mais cedo, Bolsonaro recebeu uma comitiva diplom\u00e1tica chinesa, liderada pelo embaixador do pa\u00eds no Brasil, Li Jinzhang. Maior parceiro comercial do Brasil, a China foi alvo de cr\u00edticas de Bolsonaro durante a campanha eleitoral.<\/p>\n<p><strong>ENTENDA O CASO BATTISTI<\/strong><\/p>\n<p>Battisti teve sua extradi\u00e7\u00e3o requerida pela It\u00e1lia em raz\u00e3o de ter sido condenado naquele pa\u00eds a pris\u00e3o perp\u00e9tua por quatro assassinatos na d\u00e9cada de 1970, quando era integrante de um grupo militante de esquerda. No entanto, o ent\u00e3o presidente Luiz In\u00e1cio Lula da Silva decidiu, no final de 2010, conceder a Battisti status de asilado no Brasil.<\/p>\n<p>Em outubro do ano passado, Battisti foi detido em Corumb\u00e1 (MS), cidade pr\u00f3xima \u00e0 fronteira com a Bol\u00edvia, carregando d\u00f3lares e euros em esp\u00e9cie, numa indica\u00e7\u00e3o de que poderia estar planejando uma fuga do pa\u00eds, o que levou a It\u00e1lia a reiterar seu pedido ao governo brasileiro pela extradi\u00e7\u00e3o.<\/p>\n<p>Battisti, no entanto, foi solto por ordem da Justi\u00e7a e responde ao processo em liberdade, sob algumas medidas restritivas.<\/p>\n<p>Na d\u00e9cada de 1970 Battisti pertenceu ao grupo guerrilheiro chamado Prolet\u00e1rios Armados pelo Comunismo. Ele escapou da pris\u00e3o em 1981 e morou na Fran\u00e7a antes de seguir ao Brasil para evitar ser extraditado para a It\u00e1lia.<\/p>\n<p style=\"text-align: right;\"><em><strong>O Globo\/Foto: Reprodu\u00e7\u00e3o <\/strong><\/em><\/p>\n","protected":false},"excerpt":{"rendered":"<p>O embaixador da It\u00e1lia no Brasil, Antonio Bernardini, discutiu nesta segunda-feira pela manh\u00e3 a extradi\u00e7\u00e3o do ex-guerrilheiro Cesare Battisti com o presidente eleito Jair Bolsonaro&hellip; <\/p>\n","protected":false},"author":1,"featured_media":71035,"comment_status":"closed","ping_status":"closed","sticky":false,"template":"","format":"standard","meta":{"sfsi_plus_gutenberg_text_before_share":"","sfsi_plus_gutenberg_show_text_before_share":"","sfsi_plus_gutenberg_icon_type":"","sfsi_plus_gutenberg_icon_alignemt":"","sfsi_plus_gutenburg_max_per_row":"","footnotes":""},"categories":[2],"tags":[],"class_list":["post-71026","post","type-post","status-publish","format-standard","has-post-thumbnail","hentry","category-geral"],"_links":{"self":[{"href":"https:\/\/www.caririemacao.com\/1\/wp-json\/wp\/v2\/posts\/71026","targetHints":{"allow":["GET"]}}],"collection":[{"href":"https:\/\/www.caririemacao.com\/1\/wp-json\/wp\/v2\/posts"}],"about":[{"href":"https:\/\/www.caririemacao.com\/1\/wp-json\/wp\/v2\/types\/post"}],"author":[{"embeddable":true,"href":"https:\/\/www.caririemacao.com\/1\/wp-json\/wp\/v2\/users\/1"}],"replies":[{"embeddable":true,"href":"https:\/\/www.caririemacao.com\/1\/wp-json\/wp\/v2\/comments?post=71026"}],"version-history":[{"count":1,"href":"https:\/\/www.caririemacao.com\/1\/wp-json\/wp\/v2\/posts\/71026\/revisions"}],"predecessor-version":[{"id":71036,"href":"https:\/\/www.caririemacao.com\/1\/wp-json\/wp\/v2\/posts\/71026\/revisions\/71036"}],"wp:featuredmedia":[{"embeddable":true,"href":"https:\/\/www.caririemacao.com\/1\/wp-json\/wp\/v2\/media\/71035"}],"wp:attachment":[{"href":"https:\/\/www.caririemacao.com\/1\/wp-json\/wp\/v2\/media?parent=71026"}],"wp:term":[{"taxonomy":"category","embeddable":true,"href":"https:\/\/www.caririemacao.com\/1\/wp-json\/wp\/v2\/categories?post=71026"},{"taxonomy":"post_tag","embeddable":true,"href":"https:\/\/www.caririemacao.com\/1\/wp-json\/wp\/v2\/tags?post=71026"}],"curies":[{"name":"wp","href":"https:\/\/api.w.org\/{rel}","templated":true}]}}