{"id":71037,"date":"2018-11-05T12:46:04","date_gmt":"2018-11-05T15:46:04","guid":{"rendered":"http:\/\/www.caririemacao.com\/1\/?p=71037"},"modified":"2018-11-05T12:46:04","modified_gmt":"2018-11-05T15:46:04","slug":"galego-souza-anuncia-apoio-a-adriano-galdino-para-presidencia-da-alpb","status":"publish","type":"post","link":"https:\/\/www.caririemacao.com\/1\/2018\/11\/05\/galego-souza-anuncia-apoio-a-adriano-galdino-para-presidencia-da-alpb\/","title":{"rendered":"Galego Souza anuncia apoio a Adriano Galdino para presid\u00eancia da ALPB"},"content":{"rendered":"<p>O deputado estadual reeleito Galego Souza (PP), anunciou nesta segunda-feira (05) que apoiar\u00e1 a candidatura do deputado\u00a0Adriano Galdino\u00a0(PSB) \u00e0 presid\u00eancia da Mesa Diretora da Assembleia Legislativa da Para\u00edba (ALPB).<\/p>\n<p>De acordo com Galego,\u00a0Adriano tem compromisso, lealdade e respeito com a Assembleia, tendo realizado um bom trabalho quando presidiu a ALPB anteriormente e pelo seu compromisso com o posto, conseguir\u00e1 realizar novamente uma presid\u00eancia exitosa.<\/p>\n<p>Galego ainda declarou que o fato de ter sido eleito pela oposi\u00e7\u00e3o n\u00e3o interfere no apoio.<\/p>\n<p><strong>Mandato<\/strong><\/p>\n<p>\u201cEu particularmente j\u00e1 me comprometi com ele, vou votar nele pra presidente e vejo que ele \u00e9 o mais capacitado para administrar a Assembleia Legislativa do nosso Estado. Adriano fez um grande mandato como presidente, a Para\u00edba toda acompanhou \u00e9 tanto que se elegeu muito bem diante do seu trabalho como deputado e agora com certeza esperamos novamente ele voltar a ser presidente da Assembleia.\u00a0 Ele foi um presidente leal, respeitador, cumpridor dos seus deveres e merece ser eleito novamente\u201d disse.<\/p>\n<div class=\"td-a-rec td-a-rec-id-content_bottom  td_uid_1_5be064d4e9990_rand td_block_template_1\">\n<div id=\"div-gpt-ad-1510753744454-4\" style=\"text-align: right;\" data-google-query-id=\"COebv9fLvd4CFRFswQod5AoH9g\"><em><strong>Portal Correio\/Foto: Reprodu\u00e7\u00e3o\u00a0<\/strong><\/em><\/div>\n<\/div>\n","protected":false},"excerpt":{"rendered":"<p>O deputado estadual reeleito Galego Souza (PP), anunciou nesta segunda-feira (05) que apoiar\u00e1 a candidatura do deputado\u00a0Adriano Galdino\u00a0(PSB) \u00e0 presid\u00eancia da Mesa Diretora da Assembleia&hellip; <\/p>\n","protected":false},"author":1,"featured_media":71038,"comment_status":"closed","ping_status":"closed","sticky":false,"template":"","format":"standard","meta":{"sfsi_plus_gutenberg_text_before_share":"","sfsi_plus_gutenberg_show_text_before_share":"","sfsi_plus_gutenberg_icon_type":"","sfsi_plus_gutenberg_icon_alignemt":"","sfsi_plus_gutenburg_max_per_row":"","footnotes":""},"categories":[11],"tags":[],"class_list":["post-71037","post","type-post","status-publish","format-standard","has-post-thumbnail","hentry","category-politica"],"_links":{"self":[{"href":"https:\/\/www.caririemacao.com\/1\/wp-json\/wp\/v2\/posts\/71037","targetHints":{"allow":["GET"]}}],"collection":[{"href":"https:\/\/www.caririemacao.com\/1\/wp-json\/wp\/v2\/posts"}],"about":[{"href":"https:\/\/www.caririemacao.com\/1\/wp-json\/wp\/v2\/types\/post"}],"author":[{"embeddable":true,"href":"https:\/\/www.caririemacao.com\/1\/wp-json\/wp\/v2\/users\/1"}],"replies":[{"embeddable":true,"href":"https:\/\/www.caririemacao.com\/1\/wp-json\/wp\/v2\/comments?post=71037"}],"version-history":[{"count":1,"href":"https:\/\/www.caririemacao.com\/1\/wp-json\/wp\/v2\/posts\/71037\/revisions"}],"predecessor-version":[{"id":71039,"href":"https:\/\/www.caririemacao.com\/1\/wp-json\/wp\/v2\/posts\/71037\/revisions\/71039"}],"wp:featuredmedia":[{"embeddable":true,"href":"https:\/\/www.caririemacao.com\/1\/wp-json\/wp\/v2\/media\/71038"}],"wp:attachment":[{"href":"https:\/\/www.caririemacao.com\/1\/wp-json\/wp\/v2\/media?parent=71037"}],"wp:term":[{"taxonomy":"category","embeddable":true,"href":"https:\/\/www.caririemacao.com\/1\/wp-json\/wp\/v2\/categories?post=71037"},{"taxonomy":"post_tag","embeddable":true,"href":"https:\/\/www.caririemacao.com\/1\/wp-json\/wp\/v2\/tags?post=71037"}],"curies":[{"name":"wp","href":"https:\/\/api.w.org\/{rel}","templated":true}]}}