{"id":71045,"date":"2018-11-05T13:00:11","date_gmt":"2018-11-05T16:00:11","guid":{"rendered":"http:\/\/www.caririemacao.com\/1\/?p=71045"},"modified":"2018-11-05T13:00:11","modified_gmt":"2018-11-05T16:00:11","slug":"moro-entra-de-ferias-na-justica-federal-para-atuar-na-transicao-de-governo","status":"publish","type":"post","link":"https:\/\/www.caririemacao.com\/1\/2018\/11\/05\/moro-entra-de-ferias-na-justica-federal-para-atuar-na-transicao-de-governo\/","title":{"rendered":"Moro entra de f\u00e9rias na Justi\u00e7a Federal para atuar na transi\u00e7\u00e3o de governo"},"content":{"rendered":"<p>O juiz federal Sergio Moro, futuro ministro da Justi\u00e7a e da Seguran\u00e7a P\u00fablica, entrou de f\u00e9rias nesta segunda-feira (5) para atuar na transi\u00e7\u00e3o de governo. Em of\u00edcio encaminhado ao corregedor regional da Justi\u00e7a Federal da 4\u00aa Regi\u00e3o, Ricardo Teixeira do Valle Pereira, Moro informa que pretende tirar todos os per\u00edodos de f\u00e9rias a que tem direito, antes de pedir exonera\u00e7\u00e3o, no in\u00edcio de janeiro.<\/p>\n<p>Segundo a assessoria da Justi\u00e7a Federal da 4\u00aa Regi\u00e3o, nas f\u00e9rias de Moro, a ju\u00edza federal substituta Gabriela Hardt assumir\u00e1 a titularidade plena da 13\u00aa Vara Federal de Curitiba.<\/p>\n<p>O magistrado ter\u00e1 f\u00e9rias at\u00e9 o dia 21 de novembro, referente a 17 dias remanescentes do per\u00edodo de 2012\/2013. As informa\u00e7\u00f5es s\u00e3o da Ag\u00eancia Brasil.<\/p>\n<p>Moro informa no of\u00edcio que oportunamente entrar\u00e1 com o novo pedido de f\u00e9rias para o per\u00edodo de 21 de novembro a 19 de dezembro. N\u00e3o diz por\u00e9m a quantos per\u00edodos de f\u00e9rias ainda tem direito.<\/p>\n<p>O juiz diz que, por aceitar o convite do presidente eleito, Jair Bolsonaro, ter\u00e1 de deixar a Justi\u00e7a Federal \u201ccom certo pesar\u201d.<\/p>\n<p>At\u00e9 agora n\u00e3o houve encaminhamento do pedido de exonera\u00e7\u00e3o por parte do magistrado. Moro disse que pedir\u00e1 exonera\u00e7\u00e3o antes de assumir o minist\u00e9rio: \u201cPretendo realizar isso no in\u00edcio de janeiro, logo antes da posse no novo cargo\u201d, informou.<\/p>\n<p>&nbsp;<\/p>\n<p>Folha Press<\/p>\n","protected":false},"excerpt":{"rendered":"<p>O juiz federal Sergio Moro, futuro ministro da Justi\u00e7a e da Seguran\u00e7a P\u00fablica, entrou de f\u00e9rias nesta segunda-feira (5) para atuar na transi\u00e7\u00e3o de governo.&hellip; <\/p>\n","protected":false},"author":1,"featured_media":70648,"comment_status":"closed","ping_status":"closed","sticky":false,"template":"","format":"standard","meta":{"sfsi_plus_gutenberg_text_before_share":"","sfsi_plus_gutenberg_show_text_before_share":"","sfsi_plus_gutenberg_icon_type":"","sfsi_plus_gutenberg_icon_alignemt":"","sfsi_plus_gutenburg_max_per_row":"","footnotes":""},"categories":[1],"tags":[],"class_list":["post-71045","post","type-post","status-publish","format-standard","has-post-thumbnail","hentry","category-o-site"],"_links":{"self":[{"href":"https:\/\/www.caririemacao.com\/1\/wp-json\/wp\/v2\/posts\/71045","targetHints":{"allow":["GET"]}}],"collection":[{"href":"https:\/\/www.caririemacao.com\/1\/wp-json\/wp\/v2\/posts"}],"about":[{"href":"https:\/\/www.caririemacao.com\/1\/wp-json\/wp\/v2\/types\/post"}],"author":[{"embeddable":true,"href":"https:\/\/www.caririemacao.com\/1\/wp-json\/wp\/v2\/users\/1"}],"replies":[{"embeddable":true,"href":"https:\/\/www.caririemacao.com\/1\/wp-json\/wp\/v2\/comments?post=71045"}],"version-history":[{"count":1,"href":"https:\/\/www.caririemacao.com\/1\/wp-json\/wp\/v2\/posts\/71045\/revisions"}],"predecessor-version":[{"id":71046,"href":"https:\/\/www.caririemacao.com\/1\/wp-json\/wp\/v2\/posts\/71045\/revisions\/71046"}],"wp:featuredmedia":[{"embeddable":true,"href":"https:\/\/www.caririemacao.com\/1\/wp-json\/wp\/v2\/media\/70648"}],"wp:attachment":[{"href":"https:\/\/www.caririemacao.com\/1\/wp-json\/wp\/v2\/media?parent=71045"}],"wp:term":[{"taxonomy":"category","embeddable":true,"href":"https:\/\/www.caririemacao.com\/1\/wp-json\/wp\/v2\/categories?post=71045"},{"taxonomy":"post_tag","embeddable":true,"href":"https:\/\/www.caririemacao.com\/1\/wp-json\/wp\/v2\/tags?post=71045"}],"curies":[{"name":"wp","href":"https:\/\/api.w.org\/{rel}","templated":true}]}}