{"id":71047,"date":"2018-11-05T13:08:19","date_gmt":"2018-11-05T16:08:19","guid":{"rendered":"http:\/\/www.caririemacao.com\/1\/?p=71047"},"modified":"2018-11-05T13:08:19","modified_gmt":"2018-11-05T16:08:19","slug":"cancer-de-boca-deve-atingir-147-mil-novos-casos-no-pais-este-ano","status":"publish","type":"post","link":"https:\/\/www.caririemacao.com\/1\/2018\/11\/05\/cancer-de-boca-deve-atingir-147-mil-novos-casos-no-pais-este-ano\/","title":{"rendered":"C\u00e2ncer de boca deve atingir 14,7 mil novos casos no pa\u00eds este ano"},"content":{"rendered":"<p>Na Semana Nacional de Preven\u00e7\u00e3o do C\u00e2ncer Bucal, que come\u00e7a hoje (5) e segue at\u00e9 a pr\u00f3xima sexta-feira (9), o Minist\u00e9rio da Sa\u00fade alerta para h\u00e1bitos simples e saud\u00e1veis, como boa higiene, n\u00e3o beber e n\u00e3o fumar, que podem ajudar\u00a0a reduzir a incid\u00eancia da doen\u00e7a. Dados da pasta revelam que o c\u00e2ncer de boca est\u00e1 mais presente entre homens e que 70% dos casos s\u00e3o diagnosticados em indiv\u00edduos com idade superior a 50 anos.<\/p>\n<p>De acordo com o minist\u00e9rio, a doen\u00e7a afeta os l\u00e1bios e o interior da cavidade oral. Dentro da boca, devem ser observados gengivas, bochechas, c\u00e9u da boca e l\u00edngua (principalmente as bordas), al\u00e9m da regi\u00e3o embaixo da l\u00edngua. A estimativa de novos casos de c\u00e2ncer de boca para 2018, segundo o Instituto Nacional do C\u00e2ncer (Inca), \u00e9 de 14,7 mil, sendo 11,2 mil homens e 3,5 mil mulheres.<\/p>\n<div class=\"dnd-widget-wrapper context-grande_6colunas type-image atom-align-left\">\n<div class=\"dnd-atom-rendered\">\n<figure class=\"mejs-fotoh-wrapper\"><img decoding=\"async\" class=\"img-responsive full full lazyload\" title=\"28 11:55:36\/Ag\u00eancia Brasil\" data-src=\"http:\/\/imagens.ebc.com.br\/pvtShyZzI29avMzbqP56FvY8aJ4=\/463x0\/smart\/http:\/\/agenciabrasil.ebc.com.br\/sites\/default\/files\/atoms\/image\/957799-_tng4297.jpg?itok=LEs6_GQ9\" alt=\"No Dia Mundial do Sorriso, a Oral-B e o programa Dentista do Bem realizam a terceira edi\u00e7\u00e3o da maior triagem odontol\u00f3gica do mundo, atendendo jovens na quadra da Unidos de Vila Isabel (T\u00e2nia R\u00eago\/Ag\u00eancia Brasil)\" src=\"data:image\/svg+xml;base64,PHN2ZyB3aWR0aD0iMSIgaGVpZ2h0PSIxIiB4bWxucz0iaHR0cDovL3d3dy53My5vcmcvMjAwMC9zdmciPjwvc3ZnPg==\" \/><\/figure>\n<\/div>\n<div class=\"dnd-caption-wrapper\">\n<div class=\"meta\">\u00c9 importante procurar um m\u00e9dico ou dentista \u2013 T\u00e2nia R\u00eago\/Ag\u00eancia Brasil<\/div>\n<\/div>\n<\/div>\n<p>\u201cAtitudes simples como absten\u00e7\u00e3o de fumo e bebidas alco\u00f3licas, dieta rica em alimentos saud\u00e1veis e boa higiene oral diminuem as chances de desenvolver a maioria das doen\u00e7as malignas, inclusive os tumores na boca, que s\u00e3o os mais comuns tipos de c\u00e2ncer de cabe\u00e7a e pesco\u00e7o no Brasil\u201d, informou a pasta.<\/p>\n<p>A Organiza\u00e7\u00e3o Mundial da Sa\u00fade (OMS) estima que a preven\u00e7\u00e3o pode ajudar a reduzir a incid\u00eancia de c\u00e2ncer em at\u00e9 25% at\u00e9 2025.<\/p>\n<h2>Sintomas<\/h2>\n<p>Segundo o minist\u00e9rio, os principais sinais e sintomas a serem observados s\u00e3o:<\/p>\n<p>&#8211; les\u00f5es na cavidade oral ou nos l\u00e1bios que n\u00e3o cicatrizam por mais de 15 dias;<\/p>\n<p>&#8211; manchas\/placas vermelhas ou esbranqui\u00e7adas na l\u00edngua, gengivas, palato (c\u00e9u da boca) e mucosa jugal (bochecha);<\/p>\n<p>&#8211; n\u00f3dulos (caro\u00e7os) no pesco\u00e7o;<\/p>\n<p>&#8211; rouquid\u00e3o persistente.<\/p>\n<p>Nos casos mais avan\u00e7ados, de acordo com a pasta, observam-se os seguintes sintomas:<\/p>\n<p>&#8211; dificuldade na mastiga\u00e7\u00e3o e ao engolir;<\/p>\n<p>&#8211; dificuldade na fala;<\/p>\n<p>&#8211; sensa\u00e7\u00e3o de que h\u00e1 algo preso na garganta.<\/p>\n<h2>Detec\u00e7\u00e3o precoce<\/h2>\n<p>Diante de alguma les\u00e3o que n\u00e3o cicatrize em um prazo m\u00e1ximo de 15 dias, a orienta\u00e7\u00e3o do minist\u00e9rio \u00e9 procurar um profissional de sa\u00fade (m\u00e9dico ou dentista) para a realiza\u00e7\u00e3o do exame completo da boca. A visita peri\u00f3dica ao dentista favorece o diagn\u00f3stico precoce do c\u00e2ncer de boca, j\u00e1 que permite identificar les\u00f5es suspeitas.<\/p>\n<p>Pessoas com maior risco para desenvolver c\u00e2ncer de boca (fumantes e consumidores frequentes de bebidas alco\u00f3licas), segundo a pasta, devem ter cuidado redobrado.<\/p>\n<h2>Tratamento<\/h2>\n<p>Se diagnosticados no in\u00edcio e tratados da maneira adequada, a maioria dos casos desse tipo de c\u00e2ncer (80% deles) tem cura. Geralmente, o tratamento envolve cirurgia oncol\u00f3gica e\/ou radioterapia. A avalia\u00e7\u00e3o m\u00e9dica, conforme cada caso, vai decidir qual melhor forma de tratamento.<\/p>\n<p>Os dois tipos de tratamento podem ser usados de forma isolada ou associada. Ambas as t\u00e9cnicas, de acordo com o minist\u00e9rio, t\u00eam bons resultados em les\u00f5es iniciais e a indica\u00e7\u00e3o vai depender da localiza\u00e7\u00e3o do tumor e das altera\u00e7\u00f5es funcionais que possam ser provocadas pelo tratamento.<\/p>\n<p>EBC<\/p>\n","protected":false},"excerpt":{"rendered":"<p>Na Semana Nacional de Preven\u00e7\u00e3o do C\u00e2ncer Bucal, que come\u00e7a hoje (5) e segue at\u00e9 a pr\u00f3xima sexta-feira (9), o Minist\u00e9rio da Sa\u00fade alerta para&hellip; <\/p>\n","protected":false},"author":1,"featured_media":44244,"comment_status":"closed","ping_status":"closed","sticky":false,"template":"","format":"standard","meta":{"sfsi_plus_gutenberg_text_before_share":"","sfsi_plus_gutenberg_show_text_before_share":"","sfsi_plus_gutenberg_icon_type":"","sfsi_plus_gutenberg_icon_alignemt":"","sfsi_plus_gutenburg_max_per_row":"","footnotes":""},"categories":[16],"tags":[],"class_list":["post-71047","post","type-post","status-publish","format-standard","has-post-thumbnail","hentry","category-saude"],"_links":{"self":[{"href":"https:\/\/www.caririemacao.com\/1\/wp-json\/wp\/v2\/posts\/71047","targetHints":{"allow":["GET"]}}],"collection":[{"href":"https:\/\/www.caririemacao.com\/1\/wp-json\/wp\/v2\/posts"}],"about":[{"href":"https:\/\/www.caririemacao.com\/1\/wp-json\/wp\/v2\/types\/post"}],"author":[{"embeddable":true,"href":"https:\/\/www.caririemacao.com\/1\/wp-json\/wp\/v2\/users\/1"}],"replies":[{"embeddable":true,"href":"https:\/\/www.caririemacao.com\/1\/wp-json\/wp\/v2\/comments?post=71047"}],"version-history":[{"count":1,"href":"https:\/\/www.caririemacao.com\/1\/wp-json\/wp\/v2\/posts\/71047\/revisions"}],"predecessor-version":[{"id":71048,"href":"https:\/\/www.caririemacao.com\/1\/wp-json\/wp\/v2\/posts\/71047\/revisions\/71048"}],"wp:featuredmedia":[{"embeddable":true,"href":"https:\/\/www.caririemacao.com\/1\/wp-json\/wp\/v2\/media\/44244"}],"wp:attachment":[{"href":"https:\/\/www.caririemacao.com\/1\/wp-json\/wp\/v2\/media?parent=71047"}],"wp:term":[{"taxonomy":"category","embeddable":true,"href":"https:\/\/www.caririemacao.com\/1\/wp-json\/wp\/v2\/categories?post=71047"},{"taxonomy":"post_tag","embeddable":true,"href":"https:\/\/www.caririemacao.com\/1\/wp-json\/wp\/v2\/tags?post=71047"}],"curies":[{"name":"wp","href":"https:\/\/api.w.org\/{rel}","templated":true}]}}